{"id":10466085,"date":"2015-09-04T05:21:18","date_gmt":"2015-09-04T05:21:18","guid":{"rendered":"https:\/\/www.upo.es\/diario\/?p=10466085"},"modified":"2015-09-09T14:01:13","modified_gmt":"2015-09-09T14:01:13","slug":"la-universidad-pablo-de-olavide-dara-la-bienvenida-la-proxima-semana-a-sus-nuevos-estudiantes","status":"publish","type":"post","link":"https:\/\/www.upo.es\/diario\/institucional\/2015\/09\/la-universidad-pablo-de-olavide-dara-la-bienvenida-la-proxima-semana-a-sus-nuevos-estudiantes\/","title":{"rendered":"La Universidad Pablo de Olavide dar\u00e1 la bienvenida la pr\u00f3xima semana a sus nuevos estudiantes"},"content":{"rendered":"<p><img loading=\"lazy\" decoding=\"async\" class=\"alignright size-medium wp-image-8032910\" alt=\"estudiantes-pz-america\" src=\"https:\/\/www.upo.es\/diario\/wp-content\/uploads\/2015\/01\/estudiantes-pz-america-320x212.jpg\" width=\"320\" height=\"212\" srcset=\"https:\/\/www.upo.es\/diario\/wp-content\/uploads\/2015\/01\/estudiantes-pz-america-320x212.jpg 320w, https:\/\/www.upo.es\/diario\/wp-content\/uploads\/2015\/01\/estudiantes-pz-america-600x399.jpg 600w\" sizes=\"auto, (max-width: 320px) 100vw, 320px\" \/>La Universidad Pablo de Olavide dar\u00e1 la bienvenida la pr\u00f3xima semana a los en torno a 1.600 estudiantes que comenzar\u00e1n este curso sus estudios en esta universidad p\u00fablica \u00a0sevillana. De esta manera, <strong>los d\u00edas 9 y 10 de septiembre<\/strong> se celebrar\u00e1n las <b><a href=\"https:\/\/www1.upo.es\/matricula\/jornadas-bienvenida-estudiantes\/\">Jornadas de Bienvenida de la UPO<\/a><\/b>, actividad pensada como <strong>primera toma de contacto para los nuevos estudiantes matriculados en el curso que comienza el 14 de septiembre<\/strong>.<\/p>\n<p>Los estudiantes ser\u00e1n recibidos en el <strong>Paraninfo<\/strong> por Mercedes de la Torre, directora general de Acceso, Difusi\u00f3n y Captaci\u00f3n, y Miguel \u00c1ngel Morales, director del \u00c1rea de Gesti\u00f3n Administrativa de Asistencia al Estudiante de Grado. Tras este recibimiento, los estudiantes de primer a\u00f1o, divididos en grupos, tendr\u00e1n la ocasi\u00f3n de recorrer el entorno del campus universitario y conocer\u00e1n de la mano de personal de la UPO servicios como la <a href=\"https:\/\/www.upo.es\/biblioteca\/\">Biblioteca<\/a>, el <a href=\"http:\/\/www.upo.es\/sdupo\/\">Servicio de Deportes<\/a> (SDUPO), el <a href=\"https:\/\/www.upo.es\/areadeestudiantes\/\">\u00c1rea de Gesti\u00f3n Administrativa de Asistencia al Estudiante de Grado<\/a> o la <a href=\"https:\/\/www.upo.es\/upsc\/\">Unidad de Cultura y Promoci\u00f3n Social<\/a> . De esta manera, podr\u00e1n tener una visi\u00f3n general de la universidad tanto desde el punto de vista acad\u00e9mico, como cultural, deportivo y asociativo, as\u00ed como de la vida en el campus.<\/p>\n<p>Los nuevos estudiantes de los grados y dobles grados de<strong> las facultades de Humanidades, de Ciencias Experimentales y de Ciencias Sociales est\u00e1n citados el mi\u00e9rcoles 9 de septiembre<\/strong>, mientras que <strong>el jueves 10 de septiembre ser\u00e1 el turno de los estudiantes de los grados y dobles grados de las facultades de Ciencias Empresariales, Ciencias del Deporte, Derecho y de la Escuela Polit\u00e9cnica Superior<\/strong>.<\/p>\n","protected":false},"excerpt":{"rendered":"<p>La Universidad Pablo de Olavide dar\u00e1 la bienvenida la pr\u00f3xima semana a los en torno a 1.600 estudiantes que comenzar\u00e1n este curso sus estudios en esta universidad p\u00fablica  sevillana. De esta manera, los d\u00edas 9 y 10 de septiembre se celebrar\u00e1n las Jornadas de Bienvenida de la UPO, actividad pensada como primera toma de contacto para los nuevos estudiantes matriculados en el curso que comienza el 14 de septiembre.<\/p>\n","protected":false},"author":6,"featured_media":0,"comment_status":"closed","ping_status":"open","sticky":false,"template":"","format":"standard","meta":{"_monsterinsights_skip_tracking":false,"_monsterinsights_sitenote_active":false,"_monsterinsights_sitenote_note":"","_monsterinsights_sitenote_category":0,"footnotes":""},"categories":[6],"tags":[853,2104,21,857,266,84,230],"class_list":["post-10466085","post","type-post","status-publish","format-standard","hentry","category-institucional","tag-bienvenida","tag-curso-2015-2016","tag-estudiantes","tag-facultades","tag-grados","tag-jornadas","tag-orientacion"],"_links":{"self":[{"href":"https:\/\/www.upo.es\/diario\/wp-json\/wp\/v2\/posts\/10466085","targetHints":{"allow":["GET"]}}],"collection":[{"href":"https:\/\/www.upo.es\/diario\/wp-json\/wp\/v2\/posts"}],"about":[{"href":"https:\/\/www.upo.es\/diario\/wp-json\/wp\/v2\/types\/post"}],"author":[{"embeddable":true,"href":"https:\/\/www.upo.es\/diario\/wp-json\/wp\/v2\/users\/6"}],"replies":[{"embeddable":true,"href":"https:\/\/www.upo.es\/diario\/wp-json\/wp\/v2\/comments?post=10466085"}],"version-history":[{"count":13,"href":"https:\/\/www.upo.es\/diario\/wp-json\/wp\/v2\/posts\/10466085\/revisions"}],"predecessor-version":[{"id":10506157,"href":"https:\/\/www.upo.es\/diario\/wp-json\/wp\/v2\/posts\/10466085\/revisions\/10506157"}],"wp:attachment":[{"href":"https:\/\/www.upo.es\/diario\/wp-json\/wp\/v2\/media?parent=10466085"}],"wp:term":[{"taxonomy":"category","embeddable":true,"href":"https:\/\/www.upo.es\/diario\/wp-json\/wp\/v2\/categories?post=10466085"},{"taxonomy":"post_tag","embeddable":true,"href":"https:\/\/www.upo.es\/diario\/wp-json\/wp\/v2\/tags?post=10466085"}],"curies":[{"name":"wp","href":"https:\/\/api.w.org\/{rel}","templated":true}]}}