{"id":1048848,"date":"2013-06-19T05:55:25","date_gmt":"2013-06-19T05:55:25","guid":{"rendered":"https:\/\/www.upo.es\/diario\/?p=1048848"},"modified":"2013-06-19T06:29:59","modified_gmt":"2013-06-19T06:29:59","slug":"manana-conferencia-del-prof-xurxo-marino-sobre-un-viaje-a-la-maquinaria-de-la-mente","status":"publish","type":"post","link":"https:\/\/www.upo.es\/diario\/institucional\/2013\/06\/manana-conferencia-del-prof-xurxo-marino-sobre-un-viaje-a-la-maquinaria-de-la-mente\/","title":{"rendered":"Hoy, conferencia del profesor Xurxo Mari\u00f1o sobre \u00abUn viaje a la maquinaria de la mente\u00bb"},"content":{"rendered":"<p><span style=\"text-decoration: underline;\"><a href=\"https:\/\/www.upo.es\/diario\/wp-content\/uploads\/2013\/06\/Xurxo-Mari\u00f1o-Conferencia-1.jpg\"><img loading=\"lazy\" decoding=\"async\" class=\"alignright size-medium wp-image-1048849\" alt=\"(Microsoft Word - Xurxo Mari361o - Conferencia)\" src=\"https:\/\/www.upo.es\/diario\/wp-content\/uploads\/2013\/06\/Xurxo-Mari\u00f1o-Conferencia-1-237x320.jpg\" width=\"237\" height=\"320\" srcset=\"https:\/\/www.upo.es\/diario\/wp-content\/uploads\/2013\/06\/Xurxo-Mari\u00f1o-Conferencia-1-237x320.jpg 237w, https:\/\/www.upo.es\/diario\/wp-content\/uploads\/2013\/06\/Xurxo-Mari\u00f1o-Conferencia-1-758x1024.jpg 758w, https:\/\/www.upo.es\/diario\/wp-content\/uploads\/2013\/06\/Xurxo-Mari\u00f1o-Conferencia-1-600x809.jpg 600w\" sizes=\"auto, (max-width: 237px) 100vw, 237px\" \/><\/a>Hoy mi\u00e9rcoles, 19 de junio, a las 19 horas en la sala de grados del edificio 7 de la Universidad Pablo de Olavide<\/span>, Xurxo Mari\u00f1o, profesor del Departamento de Medicina de la Universidad de A Coru\u00f1a, impartir\u00e1 la conferencia \u201cUn viaje a la maquinaria de la mente\u201d. La ponencia del profesor Mari\u00f1o cierra el ciclo de conferencias organizado por el Colegio de Am\u00e9rica de la UPO que comenz\u00f3 el pasado mes de septiembre. La asistencia a este encuentro es libre hasta completar aforo.<\/p>\n<p>Tras la conferencia, Xurxo Mari\u00f1o presentar\u00e1 su libro \u201cNeurociencia para Julia\u201d. La obra\u00a0expone la estructura y el funcionamiento del cerebro, explicando de forma sencilla y clara los resortes de la mente, de la m\u00e1quina que construye al yo. Asimismo, describe los fundamentos de la aplicaci\u00f3n del conocimiento neurocient\u00edfico en el tratamiento de enfermedades neurol\u00f3gicas o el desarrollo de la tecnolog\u00eda rob\u00f3tica.<\/p>\n<p><b>\u00a0 Xurxo Mari\u00f1o<\/b>\u00a0<b>Alfonso<\/b> es doctor en Ciencias Biol\u00f3gicas por la Universidad de Santiago de Compostela (1998), colaborador del\u00a0Massachusetts Institute of Technology\u00a0(MIT) y antiguo investigador de su Departamento del Enc\u00e9falo y Ciencias Cognitivas (MIT). Actualmente ejerce la docencia en el departamento de Medicina de la\u00a0<a href=\"http:\/\/www.udc.es\/\">Universidad de A Coru\u00f1a <\/a>(UDC). Especializado en Neurofisiolog\u00eda, sus investigaciones se centran en explorar el cerebro y el resto del sistema nervioso: las propiedades el\u00e9ctricas de las neuronas, las redes que establecen y sus mecanismos de computaci\u00f3n. Es miembro del grupo\u00a0<a href=\"http:\/\/www.udc.es\/dep\/medicina\/neurocom.htm\" target=\"_blank\">Neurocom (Grupo de Neurociencia y Control Motor)<\/a>\u00a0de la UDC y en 2011 fue galardonado con el Premio Especial del Jurado del I Certamen\u00a0<a href=\"http:\/\/www.fecyt.es\/fecyt\/home.do;jsessionid=B2040E1C97A2B03BAFBF930073917ACC\" target=\"_blank\">FECYT<\/a>\u00a0de Comunicaci\u00f3n Cient\u00edfica.<\/p>\n<p>El <a href=\"http:\/\/www.upo.es\/colegiodeamerica\/\">Colegio de Am\u00e9rica<\/a> es un centro de formaci\u00f3n en ciencias aplicadas y jur\u00eddicas, as\u00ed como en Historia, Artes y Humanidades con una particular vinculaci\u00f3n con alumnos, profesores e investigadores ubicados en Espa\u00f1a y los distintos pa\u00edses americanos. Desde septiembre, el Colegio de Am\u00e9rica ha llevando a cabo un ciclo extraordinario de conferencias impartidas por eminentes cient\u00edficos, historiadores, humanistas y juristas que desarrollan sus actividades en dichos pa\u00edses. El neurocient\u00edfico Miguel Mar\u00edn Padilla, el fisi\u00f3logo Francisco Rubia, el economista Juan Torres o la prestigiosa cient\u00edfica Margarita Salas han impartido conferencias en el marco de este ciclo celebrado durante el curso 2012-13.<\/p>\n","protected":false},"excerpt":{"rendered":"<p>Hoy mi\u00e9rcoles, 19 de junio, a las 19 horas en la sala de grados del edificio 7 de la Universidad Pablo de Olavide, Xurxo Mari\u00f1o, profesor del Departamento de Medicina de la Universidad de A Coru\u00f1a, impartir\u00e1 la conferencia \u201cUn viaje a la maquinaria de la mente\u201d. La ponencia del profesor Mari\u00f1o cierra el ciclo de conferencias organizado por el Colegio de Am\u00e9rica de la UPO que comenz\u00f3 el pasado mes de septiembre. La asistencia a este encuentro es libre hasta completar aforo.<\/p>\n","protected":false},"author":4,"featured_media":0,"comment_status":"closed","ping_status":"open","sticky":false,"template":"","format":"standard","meta":{"_monsterinsights_skip_tracking":false,"_monsterinsights_sitenote_active":false,"_monsterinsights_sitenote_note":"","_monsterinsights_sitenote_category":0,"footnotes":""},"categories":[6],"tags":[236,227,114],"class_list":["post-1048848","post","type-post","status-publish","format-standard","hentry","category-institucional","tag-colegio-de-america","tag-conferencia","tag-neurociencia"],"_links":{"self":[{"href":"https:\/\/www.upo.es\/diario\/wp-json\/wp\/v2\/posts\/1048848","targetHints":{"allow":["GET"]}}],"collection":[{"href":"https:\/\/www.upo.es\/diario\/wp-json\/wp\/v2\/posts"}],"about":[{"href":"https:\/\/www.upo.es\/diario\/wp-json\/wp\/v2\/types\/post"}],"author":[{"embeddable":true,"href":"https:\/\/www.upo.es\/diario\/wp-json\/wp\/v2\/users\/4"}],"replies":[{"embeddable":true,"href":"https:\/\/www.upo.es\/diario\/wp-json\/wp\/v2\/comments?post=1048848"}],"version-history":[{"count":4,"href":"https:\/\/www.upo.es\/diario\/wp-json\/wp\/v2\/posts\/1048848\/revisions"}],"predecessor-version":[{"id":1052842,"href":"https:\/\/www.upo.es\/diario\/wp-json\/wp\/v2\/posts\/1048848\/revisions\/1052842"}],"wp:attachment":[{"href":"https:\/\/www.upo.es\/diario\/wp-json\/wp\/v2\/media?parent=1048848"}],"wp:term":[{"taxonomy":"category","embeddable":true,"href":"https:\/\/www.upo.es\/diario\/wp-json\/wp\/v2\/categories?post=1048848"},{"taxonomy":"post_tag","embeddable":true,"href":"https:\/\/www.upo.es\/diario\/wp-json\/wp\/v2\/tags?post=1048848"}],"curies":[{"name":"wp","href":"https:\/\/api.w.org\/{rel}","templated":true}]}}