{"id":10505185,"date":"2015-09-09T00:30:40","date_gmt":"2015-09-09T00:30:40","guid":{"rendered":"https:\/\/www.upo.es\/diario\/?p=10505185"},"modified":"2015-09-11T09:15:17","modified_gmt":"2015-09-11T09:15:17","slug":"presenta-carboneria-ensayo-seduccion-genero-sevilla-barroca-eva-manzano-perez","status":"publish","type":"post","link":"https:\/\/www.upo.es\/diario\/cultura\/2015\/09\/presenta-carboneria-ensayo-seduccion-genero-sevilla-barroca-eva-manzano-perez\/","title":{"rendered":"Ma\u00f1ana se presenta en la Carboner\u00eda el ensayo \u201cSeducci\u00f3n y G\u00e9nero en la  Sevilla Barroca\u201d, de Eva Manzano P\u00e9rez"},"content":{"rendered":"<figure id=\"attachment_10505186\" aria-describedby=\"caption-attachment-10505186\" style=\"width: 201px\" class=\"wp-caption alignright\"><a href=\"https:\/\/www.upo.es\/diario\/wp-content\/uploads\/2015\/09\/portadaSeducci\u00f3nG\u00e9nero.jpg\"><img loading=\"lazy\" decoding=\"async\" class=\"size-medium wp-image-10505186\" alt=\"El ensayo \u201cSeducci\u00f3n y G\u00e9nero en la Sevilla Barroca\u201d, de Eva Manzano P\u00e9rez\" src=\"https:\/\/www.upo.es\/diario\/wp-content\/uploads\/2015\/09\/portadaSeducci\u00f3nG\u00e9nero-201x320.jpg\" width=\"201\" height=\"320\" srcset=\"https:\/\/www.upo.es\/diario\/wp-content\/uploads\/2015\/09\/portadaSeducci\u00f3nG\u00e9nero-201x320.jpg 201w, https:\/\/www.upo.es\/diario\/wp-content\/uploads\/2015\/09\/portadaSeducci\u00f3nG\u00e9nero.jpg 330w\" sizes=\"auto, (max-width: 201px) 100vw, 201px\" \/><\/a><figcaption id=\"caption-attachment-10505186\" class=\"wp-caption-text\">La autora es alumna del Doctorado en Historia y Estudios Human\u00edsticos: Europa, Am\u00e9rica, Arte y Lenguas de la UPO<\/figcaption><\/figure>\n<p style=\"text-align: justify;\">Ma\u00f1ana jueves 10 de septiembre, a las 20 horas en<strong> La Carboner\u00eda<\/strong> (calle Lev\u00edes 18), tendr\u00e1 lugar la presentaci\u00f3n del ensayo \u201c<strong>Seducci\u00f3n y G\u00e9nero en la Sevilla Barroca<\/strong>\u201d, de la autora sevillana Eva Manzano P\u00e9rez, alumna del <strong>Doctorado en Historia y Estudios Human\u00edsticos: Europa, Am\u00e9rica, Arte y Lenguas<\/strong> de la <strong>Universidad Pablo de Olavide<\/strong> y antigua alumna del <strong>m\u00e1ster Historia de Europa, el Mundo Mediterr\u00e1neo y su Difusi\u00f3n Atl\u00e1ntica: M\u00e9todos, Teor\u00edas y Nuevas L\u00edneas de Investigaci\u00f3n (1492-2000)<\/strong> de la UPO.<\/p>\n<p style=\"text-align: justify;\">Editado por<strong> Triskel Ediciones<\/strong>, en la secci\u00f3n de Historia, Eva Manzano P\u00e9rez aborda en este ensayo las relaciones personales de la Sevilla del siglo XVII.<\/p>\n<p style=\"text-align: justify;\">Bajo palabra de matrimonio se entablaban amor\u00edos y relaciones sexuales que transgred\u00edan las normas religiosas y morales de la Sevilla Barroca, y que pod\u00edan concluir o no con el enlace de la pareja. Las rupturas de estas promesas, normalmente por parte del seductor, perjudicaban la reputaci\u00f3n p\u00fablica y la honra de las muchachas seducidas. Con el objetivo de certificar y reparar su honor, estas j\u00f3venes y sus parientes, emprender\u00edan querellas judiciales y todo tipo de tratativas privadas.<\/p>\n<p style=\"text-align: justify;\">A trav\u00e9s de fuentes testimoniales y procesales, Eva Manzano P\u00e9rez reconstruye los fragmentos de estas historias de vida y analiza la formaci\u00f3n de parejas y la regulaci\u00f3n del matrimonio en los sectores m\u00e1s modestos de la sociedad sevillana del Seiscientos. La participaci\u00f3n activa de la vecindad en los asuntos del honor y su papel preponderante en la definici\u00f3n de enlaces matrimoniales se sintetiza en formas de solidaridad y tejidos de apoyo con una fuerte influencia femenina.<\/p>\n<p style=\"text-align: justify;\">El sevillano barrio de Triana y la villa ducal de Osuna fueron los escenarios donde se iniciaron las relaciones pasionales que se describen en este ensayo, y que tendr\u00e1n como consecuencia la lucha de tres mujeres por atestiguar su honra y contraer matrimonio con el hombre de su elecci\u00f3n.<\/p>\n","protected":false},"excerpt":{"rendered":"<p>Ma\u00f1ana jueves 10 de septiembre, a las 20 horas en La Carboner\u00eda (calle Lev\u00edes 18), tendr\u00e1 lugar la presentaci\u00f3n del ensayo \u201cSeducci\u00f3n y G\u00e9nero en la Sevilla Barroca\u201d, de la autora sevillana Eva Manzano P\u00e9rez, alumna del Doctorado en Historia y Estudios Human\u00edsticos: Europa, Am\u00e9rica, Arte y Lenguas de la Universidad Pablo de Olavide y antigua alumna del m\u00e1ster Historia de Europa, el Mundo Mediterr\u00e1neo y su Difusi\u00f3n Atl\u00e1ntica: M\u00e9todos, Teor\u00edas y Nuevas L\u00edneas de Investigaci\u00f3n (1492-2000) de la UPO.<\/p>\n","protected":false},"author":4,"featured_media":0,"comment_status":"closed","ping_status":"open","sticky":false,"template":"","format":"standard","meta":{"_monsterinsights_skip_tracking":false,"_monsterinsights_sitenote_active":false,"_monsterinsights_sitenote_note":"","_monsterinsights_sitenote_category":0,"footnotes":""},"categories":[7],"tags":[2577,2579,566,2575,2578,334,2576],"class_list":["post-10505185","post","type-post","status-publish","format-standard","hentry","category-cultura","tag-doctorado-en-historia-y-estudios-humanisticos","tag-el-mundo-mediterraneo-y-su-difusion-atlantica","tag-ensayo","tag-eva-manzano-perez","tag-master-historia-de-europa","tag-presentacion","tag-sevilla-barroca"],"_links":{"self":[{"href":"https:\/\/www.upo.es\/diario\/wp-json\/wp\/v2\/posts\/10505185","targetHints":{"allow":["GET"]}}],"collection":[{"href":"https:\/\/www.upo.es\/diario\/wp-json\/wp\/v2\/posts"}],"about":[{"href":"https:\/\/www.upo.es\/diario\/wp-json\/wp\/v2\/types\/post"}],"author":[{"embeddable":true,"href":"https:\/\/www.upo.es\/diario\/wp-json\/wp\/v2\/users\/4"}],"replies":[{"embeddable":true,"href":"https:\/\/www.upo.es\/diario\/wp-json\/wp\/v2\/comments?post=10505185"}],"version-history":[{"count":6,"href":"https:\/\/www.upo.es\/diario\/wp-json\/wp\/v2\/posts\/10505185\/revisions"}],"predecessor-version":[{"id":10519895,"href":"https:\/\/www.upo.es\/diario\/wp-json\/wp\/v2\/posts\/10505185\/revisions\/10519895"}],"wp:attachment":[{"href":"https:\/\/www.upo.es\/diario\/wp-json\/wp\/v2\/media?parent=10505185"}],"wp:term":[{"taxonomy":"category","embeddable":true,"href":"https:\/\/www.upo.es\/diario\/wp-json\/wp\/v2\/categories?post=10505185"},{"taxonomy":"post_tag","embeddable":true,"href":"https:\/\/www.upo.es\/diario\/wp-json\/wp\/v2\/tags?post=10505185"}],"curies":[{"name":"wp","href":"https:\/\/api.w.org\/{rel}","templated":true}]}}