{"id":10505517,"date":"2015-09-09T12:09:58","date_gmt":"2015-09-09T12:09:58","guid":{"rendered":"https:\/\/www.upo.es\/diario\/?p=10505517"},"modified":"2015-09-14T13:44:21","modified_gmt":"2015-09-14T13:44:21","slug":"los-rectores-facilitaran-el-acceso-universitario-a-estudiantes-y-docentes-refugiados","status":"publish","type":"post","link":"https:\/\/www.upo.es\/diario\/institucional\/2015\/09\/los-rectores-facilitaran-el-acceso-universitario-a-estudiantes-y-docentes-refugiados\/","title":{"rendered":"Los rectores facilitar\u00e1n el acceso universitario  a estudiantes y docentes refugiados"},"content":{"rendered":"<p><a href=\"https:\/\/www.upo.es\/diario\/wp-content\/uploads\/2015\/02\/CRUE3.jpg\"><img loading=\"lazy\" decoding=\"async\" class=\"alignright size-medium wp-image-8265999\" alt=\"Acuerdo de la Asamblea General de la CRUE\" src=\"https:\/\/www.upo.es\/diario\/wp-content\/uploads\/2015\/02\/CRUE3-320x149.jpg\" width=\"320\" height=\"149\" srcset=\"https:\/\/www.upo.es\/diario\/wp-content\/uploads\/2015\/02\/CRUE3-320x149.jpg 320w, https:\/\/www.upo.es\/diario\/wp-content\/uploads\/2015\/02\/CRUE3.jpg 393w\" sizes=\"auto, (max-width: 320px) 100vw, 320px\" \/><\/a>La<strong> Conferencia de Rectores de Universidades Espa\u00f1olas<\/strong> (CRUE) ha acordado facilitar el acceso a los <strong>estudiantes y docentes refugiados<\/strong> que estudien o trabajen en las facultades de sus pa\u00edses de origen.<\/p>\n<p>La decisi\u00f3n fue tomada por los rectores en la <strong>Asamblea General de la CRUE<\/strong>, celebrada el pasado lunes 7 de septiembre, donde se aprob\u00f3 el siguiente comunicado:<\/p>\n<p>\u201cLas universidades espa\u00f1olas no pueden permanecer indiferentes ante el drama de los refugiados al que asistimos en los \u00faltimos meses.<\/p>\n<p>Por ello, las universidades espa\u00f1olas reunidas en Asamblea General de CRUE, el 7 de septiembre de 2015, y sin perjuicio de las actuaciones individuales que cada una adopte, acuerdan:<\/p>\n<p>1.- Facilitar el acceso a estudiantes refugiados que sean estudiantes universitarios en su pa\u00eds de origen.<\/p>\n<p>2.- Facilitar la colaboraci\u00f3n con las universidades espa\u00f1olas de los refugiados que sean profesores universitarios en su pa\u00eds de origen.<\/p>\n<p>3.- Promover acciones de voluntariado entre los estudiantes, en colaboraci\u00f3n con otras administraciones y agentes, especialmente en aquellas disciplinas m\u00e1s directamente relacionadas con este drama social\u201d.<\/p>\n","protected":false},"excerpt":{"rendered":"<p>La Conferencia de Rectores de Universidades Espa\u00f1olas (CRUE) ha acordado facilitar el acceso a los estudiantes y docentes refugiados que estudien o trabajen en las facultades de sus pa\u00edses de origen. La decisi\u00f3n fue tomada por los rectores en la Asamblea General de la CRUE, celebrada el pasado lunes 7 de septiembre.<\/p>\n","protected":false},"author":4,"featured_media":0,"comment_status":"closed","ping_status":"open","sticky":false,"template":"","format":"standard","meta":{"_monsterinsights_skip_tracking":false,"_monsterinsights_sitenote_active":false,"_monsterinsights_sitenote_note":"","_monsterinsights_sitenote_category":0,"footnotes":""},"categories":[6],"tags":[501,700,144,243,454,857,446,2582,68,39],"class_list":["post-10505517","post","type-post","status-publish","format-standard","hentry","category-institucional","tag-acceso","tag-acuerdo","tag-crisis","tag-crue","tag-europa","tag-facultades","tag-internacional","tag-refugiados","tag-union-europea","tag-universidades"],"_links":{"self":[{"href":"https:\/\/www.upo.es\/diario\/wp-json\/wp\/v2\/posts\/10505517","targetHints":{"allow":["GET"]}}],"collection":[{"href":"https:\/\/www.upo.es\/diario\/wp-json\/wp\/v2\/posts"}],"about":[{"href":"https:\/\/www.upo.es\/diario\/wp-json\/wp\/v2\/types\/post"}],"author":[{"embeddable":true,"href":"https:\/\/www.upo.es\/diario\/wp-json\/wp\/v2\/users\/4"}],"replies":[{"embeddable":true,"href":"https:\/\/www.upo.es\/diario\/wp-json\/wp\/v2\/comments?post=10505517"}],"version-history":[{"count":6,"href":"https:\/\/www.upo.es\/diario\/wp-json\/wp\/v2\/posts\/10505517\/revisions"}],"predecessor-version":[{"id":10544904,"href":"https:\/\/www.upo.es\/diario\/wp-json\/wp\/v2\/posts\/10505517\/revisions\/10544904"}],"wp:attachment":[{"href":"https:\/\/www.upo.es\/diario\/wp-json\/wp\/v2\/media?parent=10505517"}],"wp:term":[{"taxonomy":"category","embeddable":true,"href":"https:\/\/www.upo.es\/diario\/wp-json\/wp\/v2\/categories?post=10505517"},{"taxonomy":"post_tag","embeddable":true,"href":"https:\/\/www.upo.es\/diario\/wp-json\/wp\/v2\/tags?post=10505517"}],"curies":[{"name":"wp","href":"https:\/\/api.w.org\/{rel}","templated":true}]}}