{"id":1054411,"date":"2013-06-20T05:45:23","date_gmt":"2013-06-20T05:45:23","guid":{"rendered":"https:\/\/www.upo.es\/diario\/?p=1054411"},"modified":"2013-06-20T06:31:43","modified_gmt":"2013-06-20T06:31:43","slug":"el-rector-de-la-upo-y-la-presidenta-de-la-fundacion-aranzadi-lex-nova-firman-un-protocolo-de-colaboracion","status":"publish","type":"post","link":"https:\/\/www.upo.es\/diario\/institucional\/2013\/06\/el-rector-de-la-upo-y-la-presidenta-de-la-fundacion-aranzadi-lex-nova-firman-un-protocolo-de-colaboracion\/","title":{"rendered":"El rector de la UPO y la presidenta de la Fundaci\u00f3n Aranzadi Lex Nova firman un protocolo de colaboraci\u00f3n"},"content":{"rendered":"<figure id=\"attachment_1054412\" aria-describedby=\"caption-attachment-1054412\" style=\"width: 320px\" class=\"wp-caption alignright\"><a href=\"https:\/\/www.upo.es\/diario\/wp-content\/uploads\/2013\/06\/conve_aranzadi_upo.jpg\"><img loading=\"lazy\" decoding=\"async\" class=\"size-medium wp-image-1054412\" alt=\"Vicente Guzm\u00e1n y Monta\u00f1a Benavides, en la firma del convenio\" src=\"https:\/\/www.upo.es\/diario\/wp-content\/uploads\/2013\/06\/conve_aranzadi_upo-320x213.jpg\" width=\"320\" height=\"213\" srcset=\"https:\/\/www.upo.es\/diario\/wp-content\/uploads\/2013\/06\/conve_aranzadi_upo-320x213.jpg 320w, https:\/\/www.upo.es\/diario\/wp-content\/uploads\/2013\/06\/conve_aranzadi_upo-1024x682.jpg 1024w, https:\/\/www.upo.es\/diario\/wp-content\/uploads\/2013\/06\/conve_aranzadi_upo-600x400.jpg 600w\" sizes=\"auto, (max-width: 320px) 100vw, 320px\" \/><\/a><figcaption id=\"caption-attachment-1054412\" class=\"wp-caption-text\">Vicente Guzm\u00e1n y Monta\u00f1a Benavides, en la firma del convenio.<\/figcaption><\/figure>\n<p>El rector de la Universidad Pablo de Olavide, Vicente Guzm\u00e1n Fluja, y Monta\u00f1a Benavides Ag\u00fandez, presidenta de la Fundaci\u00f3n Aranzadi Lex Nova, firmaron ayer mi\u00e9rcoles un protocolo general de colaboraci\u00f3n cuyo principal objetivo es establecer las bases para impulsar la celebraci\u00f3n de actividades formativas de tipo econ\u00f3mico, cient\u00edfico, t\u00e9cnico y de investigaci\u00f3n en materias de inter\u00e9s com\u00fan. Al acto tambi\u00e9n ha asistido el director de Calidad del M\u00e1ster Superior en Abogac\u00eda de la UPO,\u00a0 Ra\u00fal S\u00e1nchez G\u00f3mez.<\/p>\n<p>Las dos instituciones manifiestan as\u00ed el inter\u00e9s de fomentar la colaboraci\u00f3n entre ambas con el fin de que se desarrollen actividades conjuntas en el \u00e1rea formativa y de investigaci\u00f3n, as\u00ed como en actividades pr\u00e1cticas dirigidas a estudiantes universitarios.<\/p>\n<p>Con la firma de este convenio, la <a href=\"http:\/\/www.fundacionlexnova.org\/presentacion.html\">Fundaci\u00f3n Aranzadi Lex Nova<\/a> cumple con la misi\u00f3n que tiene encomendada en sus Estatutos, que no es otra que la de promover y difundir el conocimiento de las leyes y su aplicaci\u00f3n en territorio espa\u00f1ol y portugu\u00e9s, as\u00ed como de los derechos y deberes de los ciudadanos, con el objeto de mejorar la convivencia, la solidaridad, el respeto y la calidad de vida de nuestra sociedad, en todos los \u00e1mbitos y a todos los niveles, e integrando plenamente a los colectivos m\u00e1s vulnerables y desfavorecidos o en riesgo de exclusi\u00f3n social.<\/p>\n<p>A su vez, la Universidad Pablo de Olavide est\u00e1 al servicio de la sociedad y se define como un lugar de reflexi\u00f3n y pensamiento cr\u00edtico comprometido con la contribuci\u00f3n al progreso, con la ense\u00f1anza del respeto a los derechos fundamentales y libertades p\u00fablicas, con el fomento de la igualdad entre mujeres y hombres, la solidaridad y los valores humanos y con la respuesta a las necesidades y problemas de la sociedad contempor\u00e1nea.<\/p>\n<p>La firma de estos acuerdos responde al objetivo principal de, mediante convenios espec\u00edficos, desarrollar distintos \u00e1mbitos de cooperaci\u00f3n, en relaci\u00f3n con cl\u00ednicas legales, M\u00e1ster Superior de Abogac\u00eda, estudios espec\u00edficos sobre Derechos Humanos, destacando la defensa de los derechos de los menos favorecidos, mediante asesoramiento jur\u00eddico, formaci\u00f3n y publicaciones y estableciendo una colaboraci\u00f3n adaptada a las particularidades de ambas entidades que estar\u00e1n relacionadas con el apoyo a la difusi\u00f3n del conocimiento de los derechos y protecci\u00f3n legal de las personas afectadas.<\/p>\n","protected":false},"excerpt":{"rendered":"<p>El rector de la Universidad Pablo de Olavide, Vicente Guzm\u00e1n Fluja, y Monta\u00f1a Benavides Ag\u00fandez, presidenta de la Fundaci\u00f3n Aranzadi Lex Nova, han firmado  un protocolo general de colaboraci\u00f3n cuyo principal objetivo es establecer las bases para impulsar la celebraci\u00f3n de actividades formativas de tipo econ\u00f3mico, cient\u00edfico, t\u00e9cnico y de investigaci\u00f3n en materias de inter\u00e9s com\u00fan. Al acto tambi\u00e9n ha asistido el director de Calidad del M\u00e1ster Superior en Abogac\u00eda de la UPO,  Ra\u00fal S\u00e1nchez G\u00f3mez.<\/p>\n","protected":false},"author":2,"featured_media":0,"comment_status":"closed","ping_status":"open","sticky":false,"template":"","format":"standard","meta":{"_monsterinsights_skip_tracking":false,"_monsterinsights_sitenote_active":false,"_monsterinsights_sitenote_note":"","_monsterinsights_sitenote_category":0,"footnotes":""},"categories":[6],"tags":[326,21,38,106],"class_list":["post-1054411","post","type-post","status-publish","format-standard","hentry","category-institucional","tag-convenio","tag-estudiantes","tag-rector","tag-vicente-c-guzman"],"_links":{"self":[{"href":"https:\/\/www.upo.es\/diario\/wp-json\/wp\/v2\/posts\/1054411","targetHints":{"allow":["GET"]}}],"collection":[{"href":"https:\/\/www.upo.es\/diario\/wp-json\/wp\/v2\/posts"}],"about":[{"href":"https:\/\/www.upo.es\/diario\/wp-json\/wp\/v2\/types\/post"}],"author":[{"embeddable":true,"href":"https:\/\/www.upo.es\/diario\/wp-json\/wp\/v2\/users\/2"}],"replies":[{"embeddable":true,"href":"https:\/\/www.upo.es\/diario\/wp-json\/wp\/v2\/comments?post=1054411"}],"version-history":[{"count":2,"href":"https:\/\/www.upo.es\/diario\/wp-json\/wp\/v2\/posts\/1054411\/revisions"}],"predecessor-version":[{"id":1058454,"href":"https:\/\/www.upo.es\/diario\/wp-json\/wp\/v2\/posts\/1054411\/revisions\/1058454"}],"wp:attachment":[{"href":"https:\/\/www.upo.es\/diario\/wp-json\/wp\/v2\/media?parent=1054411"}],"wp:term":[{"taxonomy":"category","embeddable":true,"href":"https:\/\/www.upo.es\/diario\/wp-json\/wp\/v2\/categories?post=1054411"},{"taxonomy":"post_tag","embeddable":true,"href":"https:\/\/www.upo.es\/diario\/wp-json\/wp\/v2\/tags?post=1054411"}],"curies":[{"name":"wp","href":"https:\/\/api.w.org\/{rel}","templated":true}]}}