{"id":1054415,"date":"2013-06-20T06:00:19","date_gmt":"2013-06-20T06:00:19","guid":{"rendered":"https:\/\/www.upo.es\/diario\/?p=1054415"},"modified":"2013-06-21T06:43:41","modified_gmt":"2013-06-21T06:43:41","slug":"firma-del-acuerdo-entre-la-junta-y-las-diez-universidades-publicas-andaluzas-por-la-sostenibilidad-del-sistema","status":"publish","type":"post","link":"https:\/\/www.upo.es\/diario\/institucional\/2013\/06\/firma-del-acuerdo-entre-la-junta-y-las-diez-universidades-publicas-andaluzas-por-la-sostenibilidad-del-sistema\/","title":{"rendered":"Firma del acuerdo entre la Junta y las diez universidades p\u00fablicas andaluzas por la sostenibilidad del sistema"},"content":{"rendered":"<figure id=\"attachment_1054418\" aria-describedby=\"caption-attachment-1054418\" style=\"width: 320px\" class=\"wp-caption alignright\"><a href=\"https:\/\/www.upo.es\/diario\/wp-content\/uploads\/2013\/06\/FirmaPactoUniversidadesAndalucia.jpg\"><img loading=\"lazy\" decoding=\"async\" class=\"size-medium wp-image-1054418 \" alt=\"Jos\u00e9 Antonio Gri\u00f1\u00e1n tras la firma del Acuerdo con los rectores de las universidades andaluzas\" src=\"https:\/\/www.upo.es\/diario\/wp-content\/uploads\/2013\/06\/FirmaPactoUniversidadesAndalucia-320x212.jpg\" width=\"320\" height=\"212\" srcset=\"https:\/\/www.upo.es\/diario\/wp-content\/uploads\/2013\/06\/FirmaPactoUniversidadesAndalucia-320x212.jpg 320w, https:\/\/www.upo.es\/diario\/wp-content\/uploads\/2013\/06\/FirmaPactoUniversidadesAndalucia-1024x681.jpg 1024w, https:\/\/www.upo.es\/diario\/wp-content\/uploads\/2013\/06\/FirmaPactoUniversidadesAndalucia-600x399.jpg 600w\" sizes=\"auto, (max-width: 320px) 100vw, 320px\" \/><\/a><figcaption id=\"caption-attachment-1054418\" class=\"wp-caption-text\">El acuerdo recoge actuaciones en materia de estudiantes, personal, financiaci\u00f3n y del funcionamiento del propio sistema universitario<\/figcaption><\/figure>\n<p>El presidente de la Junta de Andaluc\u00eda, Jos\u00e9 Antonio Gri\u00f1\u00e1n, presidi\u00f3 ayer la firma entre la Administraci\u00f3n andaluza y los rectores de las universidades p\u00fablicas andaluzas, entre ellas la Universidad Pablo de Olavide representada por su rector Vicente Guzm\u00e1n, del Acuerdo con el Sistema Universitario P\u00fablico por Andaluc\u00eda, que recoge diez l\u00edneas de actuaci\u00f3n para avanzar hacia una universidad de excelencia, accesible en igualdad de oportunidades, ligada a su entorno social y productivo y que sirva como motor de una econom\u00eda y una sociedad basadas en el conocimiento.<\/p>\n<p>Este Pacto, el octavo que se firma en el marco del Pacto por Andaluc\u00eda impulsado por Jos\u00e9 Antonio Gri\u00f1\u00e1n, recoge actuaciones en materia de estudiantes, personal, financiaci\u00f3n y del funcionamiento del propio sistema universitario en Andaluc\u00eda.<\/p>\n<p>En materia de estudiantes, el acuerdo establece que se pondr\u00e1n en marcha ayudas que corrijan los actuales riesgos de exclusi\u00f3n social, con el fin de defender los principios de igualdad de oportunidades, m\u00e9rito y equidad, de modo que nadie se quede fuera del sistema universitario andaluz por razones econ\u00f3micas. Esta medida se ver\u00e1, adem\u00e1s, respaldada por el mantenimiento de un precio p\u00fablico \u00fanico para los estudios oficiales universitarios.<\/p>\n<p>Esta tendencia hacia la unidad se ve tambi\u00e9n reflejada en medidas que afectan al funcionamiento del sistema universitario, como la permanencia del Distrito \u00danico Andaluz a efectos del acceso a la Universidad. De este modo, a ra\u00edz del Acuerdo firmado hoy con los rectores se establece el compromiso de crear pruebas comunes, como contraposici\u00f3n al sistema propuesto en la nueva norma educativa del Ministerio de Educaci\u00f3n, que permite a las universidades fijar criterios propios de selecci\u00f3n de estudiantes.<\/p>\n<figure id=\"attachment_1054423\" aria-describedby=\"caption-attachment-1054423\" style=\"width: 320px\" class=\"wp-caption alignleft\"><a href=\"https:\/\/www.upo.es\/diario\/wp-content\/uploads\/2013\/06\/acuerdo_Univ_UPO2.jpg\"><img loading=\"lazy\" decoding=\"async\" class=\"size-medium wp-image-1054423 \" alt=\"Vicente C. Guzm\u00e1n firma el acuerdo\" src=\"https:\/\/www.upo.es\/diario\/wp-content\/uploads\/2013\/06\/acuerdo_Univ_UPO2-320x213.jpg\" width=\"320\" height=\"213\" srcset=\"https:\/\/www.upo.es\/diario\/wp-content\/uploads\/2013\/06\/acuerdo_Univ_UPO2-320x213.jpg 320w, https:\/\/www.upo.es\/diario\/wp-content\/uploads\/2013\/06\/acuerdo_Univ_UPO2-1024x682.jpg 1024w, https:\/\/www.upo.es\/diario\/wp-content\/uploads\/2013\/06\/acuerdo_Univ_UPO2-600x400.jpg 600w\" sizes=\"auto, (max-width: 320px) 100vw, 320px\" \/><\/a><figcaption id=\"caption-attachment-1054423\" class=\"wp-caption-text\">Jos\u00e9 Antonio Gri\u00f1\u00e1n ha presidido el acto al que ha asistido el rector de la UPO Vicente Guzm\u00e1n<\/figcaption><\/figure>\n<p>Otro conjunto de medidas est\u00e1 relacionada con el capital humano, tanto docentes, investigadores, como personal de administraci\u00f3n y servicios. Unas actuaciones que tienen como fin avanzar hacia la estabilidad y pervivencia de las plantillas, como v\u00eda esencial para garantizar la continuidad de la Universidad como bien p\u00fablico y para afrontar con \u00e9xito los retos de futuro. En este sentido, el documento delimita dos aspectos clave, la defensa de la carrera profesional, considerando oportunidades para el acceso, la formaci\u00f3n y la promoci\u00f3n; y de la plantilla estable, considerando su renovaci\u00f3n generacional, especializaci\u00f3n y su planificaci\u00f3n plurianual.<\/p>\n<p>Respecto a la financiaci\u00f3n, el Acuerdo persigue la sostenibilidad econ\u00f3mica y el apoyo financiero de las Universidades, de manera que la Junta de Andaluc\u00eda y los rectores sientan las bases para hacer efectivos los pagos de la deuda reconocida con las universidades p\u00fablicas, incluyendo transferencias urgentes para atender los compromisos pendientes con los proveedores.<\/p>\n<p>De este modo, se han acordado hacer efectivas transferencias peri\u00f3dicas suficientes que garanticen un adecuado funcionamiento de las actividades docentes e investigadoras, adem\u00e1s de una mayor planificaci\u00f3n de la tesorer\u00eda. Asimismo, se garantiza el cumplimento del esfuerzo presupuestario, que este a\u00f1o 2013 ha alcanzado los 1.420,5 millones de euros, siguiendo las premisas marcadas por el Modelo de Financiaci\u00f3n Universitaria, vigente hasta el a\u00f1o 2014.<\/p>\n<p>El Acuerdo con el Sistema Universitario P\u00fablico abre, adem\u00e1s, la puerta al desarrollo de nuevas l\u00edneas de actuaci\u00f3n para promocionar e impulsar la investigaci\u00f3n y la innovaci\u00f3n, a trav\u00e9s de la especializaci\u00f3n inteligente, es decir, reorientando la inversi\u00f3n hacia sectores con mayor impacto en el tejido social y productivo, de forma que el conocimiento que se genere en las Universidades llegue a las empresas y las haga m\u00e1s innovadoras, competitivas y sostenibles.<\/p>\n<p>&gt;\u00a0<a href=\"https:\/\/www.upo.es\/diario\/wp-content\/uploads\/2013\/06\/ACUERDO_CON_UNIVERSIDADES_PUB_POR_ANDALUCIA-_190613.pdf\">Acuerdo con el Sistema Universitario P\u00fablico por Andaluc\u00eda -pdf-<\/a><\/p>\n","protected":false},"excerpt":{"rendered":"<p>El presidente de la Junta de Andaluc\u00eda, Jos\u00e9 Antonio Gri\u00f1\u00e1n, presidi\u00f3 ayer la firma entre la Administraci\u00f3n andaluza y los rectores de las universidades p\u00fablicas andaluzas, entre ellas la Universidad Pablo de Olavide representada por su rector Vicente Guzm\u00e1n, del Acuerdo con el Sistema Universitario P\u00fablico por Andaluc\u00eda, que recoge diez l\u00edneas de actuaci\u00f3n para avanzar hacia una universidad de excelencia, accesible en igualdad de oportunidades, ligada a su entorno social y productivo y que sirva como motor de una econom\u00eda y una sociedad basadas en el conocimiento. <\/p>\n","protected":false},"author":6,"featured_media":0,"comment_status":"closed","ping_status":"open","sticky":false,"template":"","format":"standard","meta":{"_monsterinsights_skip_tracking":false,"_monsterinsights_sitenote_active":false,"_monsterinsights_sitenote_note":"","_monsterinsights_sitenote_category":0,"footnotes":""},"categories":[6],"tags":[700,190,144,203,38,39,106],"class_list":["post-1054415","post","type-post","status-publish","format-standard","hentry","category-institucional","tag-acuerdo","tag-andalucia","tag-crisis","tag-junta-de-andalucia","tag-rector","tag-universidades","tag-vicente-c-guzman"],"_links":{"self":[{"href":"https:\/\/www.upo.es\/diario\/wp-json\/wp\/v2\/posts\/1054415","targetHints":{"allow":["GET"]}}],"collection":[{"href":"https:\/\/www.upo.es\/diario\/wp-json\/wp\/v2\/posts"}],"about":[{"href":"https:\/\/www.upo.es\/diario\/wp-json\/wp\/v2\/types\/post"}],"author":[{"embeddable":true,"href":"https:\/\/www.upo.es\/diario\/wp-json\/wp\/v2\/users\/6"}],"replies":[{"embeddable":true,"href":"https:\/\/www.upo.es\/diario\/wp-json\/wp\/v2\/comments?post=1054415"}],"version-history":[{"count":6,"href":"https:\/\/www.upo.es\/diario\/wp-json\/wp\/v2\/posts\/1054415\/revisions"}],"predecessor-version":[{"id":1064067,"href":"https:\/\/www.upo.es\/diario\/wp-json\/wp\/v2\/posts\/1054415\/revisions\/1064067"}],"wp:attachment":[{"href":"https:\/\/www.upo.es\/diario\/wp-json\/wp\/v2\/media?parent=1054415"}],"wp:term":[{"taxonomy":"category","embeddable":true,"href":"https:\/\/www.upo.es\/diario\/wp-json\/wp\/v2\/categories?post=1054415"},{"taxonomy":"post_tag","embeddable":true,"href":"https:\/\/www.upo.es\/diario\/wp-json\/wp\/v2\/tags?post=1054415"}],"curies":[{"name":"wp","href":"https:\/\/api.w.org\/{rel}","templated":true}]}}