{"id":10552290,"date":"2015-09-15T16:12:08","date_gmt":"2015-09-15T16:12:08","guid":{"rendered":"https:\/\/www.upo.es\/diario\/?p=10552290"},"modified":"2015-09-16T12:44:44","modified_gmt":"2015-09-16T12:44:44","slug":"normalidad-en-el-primer-dia-de-la-selectividad-de-septiembre-en-la-upo","status":"publish","type":"post","link":"https:\/\/www.upo.es\/diario\/institucional\/2015\/09\/normalidad-en-el-primer-dia-de-la-selectividad-de-septiembre-en-la-upo\/","title":{"rendered":"Normalidad en el primer d\u00eda de la Selectividad de septiembre en la UPO"},"content":{"rendered":"<figure id=\"attachment_10552291\" aria-describedby=\"caption-attachment-10552291\" style=\"width: 600px\" class=\"wp-caption aligncenter\"><a href=\"https:\/\/www.upo.es\/diario\/wp-content\/uploads\/2015\/09\/selectividad_sept.jpg\"><img loading=\"lazy\" decoding=\"async\" class=\"size-large wp-image-10552291\" alt=\"Selectividad Septiembre 2015\" src=\"https:\/\/www.upo.es\/diario\/wp-content\/uploads\/2015\/09\/selectividad_sept-600x337.jpg\" width=\"600\" height=\"337\" srcset=\"https:\/\/www.upo.es\/diario\/wp-content\/uploads\/2015\/09\/selectividad_sept-600x337.jpg 600w, https:\/\/www.upo.es\/diario\/wp-content\/uploads\/2015\/09\/selectividad_sept-320x179.jpg 320w\" sizes=\"auto, (max-width: 600px) 100vw, 600px\" \/><\/a><figcaption id=\"caption-attachment-10552291\" class=\"wp-caption-text\">Un total de 302 estudiantes de 24 centros de Secundaria y de Ciclos Formativos de Grado Superior se examinan hasta el jueves en la Olavide.<\/figcaption><\/figure>\n<p>La normalidad ha sido la nota dominante en la primera jornada de la convocatoria de Selectividad de septiembre que se ha celebrado esta ma\u00f1ana en la Universidad Pablo de Olavide. Un total de 302 estudiantes de 24 centros de Secundaria y de Ciclos Formativos de Grado Superior de Sevilla y provincia estaban citados hoy martes 15 de septiembre a las 8.00 horas, mientras que las Pruebas de Acceso a la Universidad (PAU) han dado comienzo sin incidencias a las 8.30 horas en sede de la UPO ubicadas en el edificio 5 \u201cJos\u00e9 Mar\u00eda Blanco White\u201d.<\/p>\n<p>Durante esta jornada se ha desarrollado la primera parte de la prueba, com\u00fan a todos los estudiantes de Bachillerato, que consta de 3 ejercicios. A primera hora ha tenido lugar el examen de <b>Comentario de Texto<\/b> <b>relacionado con Lengua Castellana y Literatura<\/b>, donde este a\u00f1o se han planteado dos opciones: un art\u00edculo de opini\u00f3n de Manuel Vicent titulado \u201cEl Bosque\u201d, publicado en el diario El Pa\u00eds, y el poema \u201cTierra nativa\u201d del libro\u00a0<em>\u00abComo quien espera el alba\u00bb <\/em>de Luis Cernuda<i>. <\/i>Como segundo ejercicio, los estudiantes se han dividido en dos grupos, seg\u00fan la opci\u00f3n elegida previamente: <b>Historia de Espa\u00f1a<\/b>, con el Sexenio Revolucionario (1868-1874): intentos democratizadores. De la revoluci\u00f3n al ensayo republicano, por un lado, y la Dictadura de Primo de Rivera, por otro lado, o <b>Historia de la Filosof\u00eda<\/b>, protagonizada por Plat\u00f3n y Tom\u00e1s de Aquino. Para concluir, el \u00faltimo ejercicio de la jornada ha sido el de Idioma Extranjero.<\/p>\n<p><span style=\"text-decoration: underline;\">Ma\u00f1ana mi\u00e9rcoles 16 de septiembre<\/span>, los estudiantes comenzar\u00e1n con los ex\u00e1menes de modalidad, uno de los cuales corresponder\u00e1 a la fase general, mientras que el resto tendr\u00e1n car\u00e1cter voluntario y formar\u00e1n parte de la fase espec\u00edfica de las pruebas. En esta parte voluntaria, los estudiantes tendr\u00e1n la oportunidad de subir su nota para acceder a la universidad hasta 4 puntos, en aquellas materias que est\u00e9n relacionadas con la rama del conocimiento de la carrera elegida. Podr\u00e1n examinarse de un m\u00e1ximo de 4 materias, y solamente contar\u00e1n las 2 notas de mayor puntuaci\u00f3n. La fase espec\u00edfica examinar\u00e1 tambi\u00e9n a aquellos estudiantes de Ciclos Formativos de Grado Superior que quieran subir su nota.<\/p>\n<p>Destacar que en el acceso al lugar donde se est\u00e1n realizando los ex\u00e1menes hay preparado un dispositivo de emergencia para que en caso de que se produzca alg\u00fan incidente, se pueda atender a los afectados.<\/p>\n<p>De los 302 estudiantes que se presentan a las pruebas en la Universidad Pablo de Olavide, 174 son mujeres y 128 son hombres. Por su parte, 278 alumnos son de Bachillerato y 24 de Ciclos Formativos de Grado Superior. Los estudiantes de Bachillerato proceden en su mayor\u00eda de las modalidades de Humanidades y Ciencias Sociales, el 51,08 % y de Ciencias y Tecnolog\u00eda, el 43,16 %, y solo un 3,96 % de Artes y un 1,8 % de Ciencias de la Naturaleza y Salud.<\/p>\n<p>La UPO enviar\u00e1 un SMS con la nota a cada uno de los estudiantes que se han examinado de la Prueba de Acceso a la Universidad en esta convocatoria de septiembre, a las 00.00 horas del pr\u00f3ximo mi\u00e9rcoles, 23 de septiembre. La Universidad Pablo de Olavide cuenta con un <b>portal web<\/b> espec\u00edfico dirigido a los futuros universitarios (<a href=\"http:\/\/www.upo.es\/guia-estudios\/index.html\">http:\/\/www.upo.es\/guia-estudios\/index.html<\/a>).<\/p>\n<p>Las solicitudes de preinscripci\u00f3n se entregar\u00e1n utilizando internet a trav\u00e9s de la web del Distrito \u00danico Andaluz de la Direcci\u00f3n General de Universidades: <a href=\"http:\/\/www.juntadeandalucia.es\/innovacioncienciayempresa\/sguit\">http:\/\/www.juntadeandalucia.es\/innovacioncienciayempresa\/sguit<\/a> .El plazo de solicitud de admisi\u00f3n a las universidades andaluzas comprende desde el 24 hasta al 28 de septiembre.<\/p>\n<p>Los 24 centros de Ense\u00f1anza Secundaria y Formaci\u00f3n Profesional de Sevilla y provincia, cuyos estudiantes se examinan de Selectividad en la Universidad Pablo de Olavide son el colegio Escuelas Profesionales de la Sagrada Familia (Sevilla), el colegio Salesianos de San Pedro (Sevilla), el colegio San Fernando (Sevilla), el IES Vel\u00e1zquez (Sevilla), el IES Joaqu\u00edn Turina (Sevilla), el IES Miguel de Cervantes (Sevilla), el IES Maria Galiana (Montequinto-Dos Hermanas), el IES Ram\u00f3n del Valle Incl\u00e1n (Sevilla), el colegio Albaydar (Sevilla), el colegio Alberto Durero (Sevilla), el IES Ruiz Gij\u00f3n (Utrera), el IES Mateo Alem\u00e1n (San Juan de Aznalfarache), el IES Severo Ochoa (San Juan de Aznalfarache), el IES Camas (Camas), el IES Juan de Mairena (Mairena del Aljarafe), el IES Atenea (Mairena del Aljarafe), el IES Rodrigo Caro (Coria del R\u00edo), el IES Pepe Ruiz Vela (Villaverde del R\u00edo), el IES Carmen Laff\u00f3n (San Jos\u00e9 de la Rinconada), el IES Los \u00c1lamos (Bormujos), el colegio Antonio de Sol\u00eds (Sevilla), el Centro de Estudios Sanitarios Dr. Ardu\u00e1n (Sevilla), Escuela de jardiner\u00eda y Centro de estudios medioambient. J.Romero Murube (Sevilla) y el CDP Campus de Estudios Superiores Aljarafe (Tomares).<\/p>\n<p>Por su parte, la Universidad Pablo de Olavide cuenta con un <b>portal web<\/b> espec\u00edfico dirigido a los futuros universitarios (<a href=\"http:\/\/www.upo.es\/guia-estudios\/index.html\">http:\/\/www.upo.es\/guia-estudios\/index.html<\/a>), que recoge la informaci\u00f3n relacionada con el acceso a la Universidad, as\u00ed como la oferta de grados y dobles grados, movilidad y actividades sociales, culturales y deportivas que ofrece la UPO en su campus universitario.<\/p>\n<p>El calendario de la Prueba de Acceso a la Universidad en la Universidad Pablo de Olavide es el siguiente:<\/p>\n<div align=\"center\">\n<table width=\"101%\" border=\"1\" cellpadding=\"0\">\n<tbody>\n<tr>\n<td width=\"9%\">\n<p align=\"center\"><b>HORARIO<\/b><\/p>\n<\/td>\n<td valign=\"top\" width=\"22%\">\n<p align=\"center\"><b>PRIMER D\u00cdA<\/b><\/p>\n<\/td>\n<td valign=\"top\" width=\"22%\">\n<p align=\"center\"><b>SEGUNDO D\u00cdA<\/b><\/p>\n<\/td>\n<td valign=\"top\" width=\"22%\">\n<p align=\"center\"><b>TERCER D\u00cdA<\/b><\/p>\n<\/td>\n<td valign=\"top\" width=\"1%\">\n<p align=\"center\"><b>\u00a0<\/b><\/p>\n<\/td>\n<td width=\"9%\">\n<p align=\"center\"><b>HORARIO<\/b><\/p>\n<\/td>\n<td valign=\"top\" width=\"9%\">\n<p align=\"center\"><b>TERCER D\u00cdA (TARDE)<\/b><\/p>\n<\/td>\n<\/tr>\n<tr>\n<td width=\"9%\">\n<p align=\"center\"><b>08:00-08:30<\/b><\/p>\n<\/td>\n<td width=\"22%\">\n<p align=\"center\"><b>CITACI\u00d3N<\/b><\/p>\n<\/td>\n<td width=\"22%\">\n<p align=\"center\"><b>CITACI\u00d3N<\/b><\/p>\n<\/td>\n<td width=\"22%\">\n<p align=\"center\"><b>CITACI\u00d3N<\/b><\/p>\n<\/td>\n<td width=\"1%\">\n<p align=\"center\"><b>\u00a0<\/b><\/p>\n<\/td>\n<td width=\"9%\">\n<p align=\"center\"><b>16:00-16:30<\/b><\/p>\n<\/td>\n<td width=\"9%\">\n<p align=\"center\"><b>CITACI\u00d3N<\/b><\/p>\n<\/td>\n<\/tr>\n<tr>\n<td width=\"9%\">\n<p align=\"center\"><b>08:30-10:00<\/b><\/p>\n<\/td>\n<td width=\"22%\">\n<ul>\n<li><b>COMENTARIO DE TEXTO RELACIONADO CON LA LENGUA CASTELLANA Y LA LITERATURA II<\/b><\/li>\n<\/ul>\n<\/td>\n<td width=\"22%\">\n<ul>\n<li><b>HISTORIA DEL ARTE<\/b><\/li>\n<li><b>MATEM\u00c1TICAS II<\/b><\/li>\n<\/ul>\n<\/td>\n<td width=\"22%\">\n<ul>\n<li><b>AN\u00c1LISIS MUSICAL II<\/b><\/li>\n<li><b>DISE\u00d1O<\/b><\/li>\n<li><b>GEOGRAF\u00cdA<\/b><\/li>\n<li><b>BIOLOG\u00cdA<\/b><\/li>\n<\/ul>\n<\/td>\n<td valign=\"top\" width=\"1%\">\n<p align=\"center\"><b>\u00a0<\/b><\/p>\n<\/td>\n<td width=\"9%\">\n<p align=\"center\"><b>16:30-18:00<\/b><\/p>\n<\/td>\n<td width=\"9%\">\n<ul>\n<li>CIENCIAS DE LA TIERRA Y MEDIOAMBIENTALES<\/li>\n<li>ECONOM\u00cdA DE LA EMPRESA<\/li>\n<li>ELECTROT\u00c9CNIA<\/li>\n<li>F\u00cdSICA<\/li>\n<li>GRIEGO II<\/li>\n<li>LAT\u00cdN II<\/li>\n<li>LITERATURA UNIVERSAL<\/li>\n<li>MATEM\u00c1TICAS APLICADAS A LAS CIENCIAS SOCIALES II<\/li>\n<li>MATEM\u00c1TICAS II<\/li>\n<\/ul>\n<p align=\"center\"><b>\u00a0<\/b><\/p>\n<\/td>\n<\/tr>\n<tr>\n<td width=\"9%\">\n<p align=\"center\"><b>10:00-10:45<\/b><\/p>\n<\/td>\n<td width=\"22%\">\n<p align=\"center\"><b>DESCANSO<\/b><\/p>\n<\/td>\n<td width=\"22%\">\n<p align=\"center\"><b>DESCANSO<\/b><\/p>\n<\/td>\n<td width=\"22%\">\n<p align=\"center\"><b>DESCANSO<\/b><\/p>\n<\/td>\n<td width=\"1%\">\n<p align=\"center\"><b>\u00a0<\/b><\/p>\n<\/td>\n<td width=\"9%\">\n<p align=\"center\"><b>18:00-18:30<\/b><\/p>\n<\/td>\n<td width=\"9%\">\n<p align=\"center\"><b>DESCANSO<\/b><\/p>\n<\/td>\n<\/tr>\n<tr>\n<td width=\"9%\">\n<p align=\"center\"><b>10:45-12:15<\/b><\/p>\n<\/td>\n<td width=\"22%\">\n<ul>\n<li><b>HISTORIA DE ESPA\u00d1A<\/b><\/li>\n<li><b>HISTORIA DE LA FILOSOF\u00cdA<\/b><\/li>\n<\/ul>\n<\/td>\n<td width=\"22%\">\n<ul>\n<li><b>T\u00c9CNICAS DE EXPR. GR\u00c1FICO-PLASTICAS<\/b><\/li>\n<li><b>QU\u00cdMICA<\/b><\/li>\n<li><b>ELECTROT\u00c9CNIA<\/b><\/li>\n<li><b>LITERATURA UNIVERSAL<\/b><\/li>\n<\/ul>\n<\/td>\n<td width=\"22%\">\n<ul>\n<li><b>DIBUJO T\u00c9CNICO II<\/b><\/li>\n<li><b>CIENCIAS DE LA TIERRA Y MEDIOAMBIENTALES<\/b><\/li>\n<li><b>ECONOM\u00cdA DE LA EMPRESA<\/b><\/li>\n<li><b>GRIEGO II<\/b><\/li>\n<\/ul>\n<p><b>\u00a0<\/b><\/p>\n<p><b>\u00a0<\/b><\/td>\n<td valign=\"top\" width=\"1%\">\n<p align=\"center\"><b>\u00a0<\/b><\/p>\n<\/td>\n<td width=\"9%\">\n<p align=\"center\"><b>18:30-20:00<\/b><\/p>\n<\/td>\n<td width=\"9%\">\n<ul>\n<li>GEOGRAF\u00cdA<\/li>\n<\/ul>\n<\/td>\n<\/tr>\n<tr>\n<td width=\"9%\">\n<p align=\"center\"><b>12:15-13:00<\/b><\/p>\n<\/td>\n<td width=\"22%\">\n<p align=\"center\"><b>DESCANSO<\/b><\/p>\n<\/td>\n<td width=\"22%\">\n<p align=\"center\"><b>DESCANSO<\/b><\/p>\n<\/td>\n<td width=\"22%\">\n<p align=\"center\"><b>DESCANSO<\/b><\/p>\n<\/td>\n<td width=\"1%\">\n<p align=\"center\"><b>\u00a0<\/b><\/p>\n<\/td>\n<td width=\"9%\">\n<p align=\"center\"><b>20:00-20:30<\/b><\/p>\n<\/td>\n<td width=\"9%\">\n<p align=\"center\"><b>DESCANSO<\/b><\/p>\n<\/td>\n<\/tr>\n<tr>\n<td width=\"9%\">\n<p align=\"center\"><b>13:00-14:30<\/b><\/p>\n<\/td>\n<td width=\"22%\">\n<ul>\n<li><b>IDIOMA EXTRANJERO<\/b><\/li>\n<\/ul>\n<\/td>\n<td width=\"22%\">\n<ul>\n<li><b>LENGUAJE Y PR\u00c1CTICA MUSICAL<\/b><\/li>\n<li><b>TECNOLOG\u00cdA INDUSTRIAL II<\/b><\/li>\n<li><b>MATEM\u00c1T. APLIC. A LAS CC. SOCIALES II<\/b><\/li>\n<\/ul>\n<\/td>\n<td width=\"22%\">\n<ul>\n<li><b>HISTORIA DE LA M\u00daSICA Y LA DANZA<\/b><\/li>\n<li><b>DIBUJO ART\u00cdSTICO II<\/b><\/li>\n<li><b>F\u00cdSICA<\/b><\/li>\n<li><b>LAT\u00cdN II<\/b><\/li>\n<\/ul>\n<\/td>\n<td valign=\"top\" width=\"1%\">\n<p align=\"center\"><b>\u00a0<\/b><\/p>\n<\/td>\n<td width=\"9%\">\n<p align=\"center\"><b>20:30-22:00<\/b><\/p>\n<\/td>\n<td width=\"9%\"><\/td>\n<\/tr>\n<\/tbody>\n<\/table>\n<\/div>\n<p>&nbsp;<\/p>\n<p>El horario de las materias del tercer d\u00eda por la tarde es\u00a0exclusivamente\u00a0para quienes tienen m\u00e1s de un examen el mismo d\u00eda y a la misma hora (en el 2\u00ba o 3\u00ba d\u00eda por la ma\u00f1ana), debiendo realizar en dicho horario y en primer lugar el examen que aparece antes en el respectivo cuadro y realizar\u00e1 el examen de la otra materia en el tercer d\u00eda por la tarde en el horario que se indicar\u00e1 oportunamente.<\/p>\n","protected":false},"excerpt":{"rendered":"<p>La normalidad ha sido la nota dominante en la primera jornada de la convocatoria de Selectividad de septiembre que se ha celebrado esta ma\u00f1ana en la Universidad Pablo de Olavide. Un total de 302 estudiantes de 24 centros de Secundaria y de Ciclos Formativos de Grado Superior de Sevilla y provincia estaban citados hoy martes 15 de septiembre a las 8.00 horas, mientras que las Pruebas de Acceso a la Universidad (PAU) han dado comienzo sin incidencias a las 8.30 horas en sede de la UPO ubicadas en el edificio 5 \u201cJos\u00e9 Mar\u00eda Blanco White\u201d.<\/p>\n","protected":false},"author":4,"featured_media":0,"comment_status":"closed","ping_status":"open","sticky":false,"template":"","format":"standard","meta":{"_monsterinsights_skip_tracking":false,"_monsterinsights_sitenote_active":false,"_monsterinsights_sitenote_note":"","_monsterinsights_sitenote_category":0,"footnotes":""},"categories":[6],"tags":[501,644,2590,668,665],"class_list":["post-10552290","post","type-post","status-publish","format-standard","hentry","category-institucional","tag-acceso","tag-bachillerato","tag-ciclos-formativos-de-grado-superior","tag-pau","tag-selectividad"],"_links":{"self":[{"href":"https:\/\/www.upo.es\/diario\/wp-json\/wp\/v2\/posts\/10552290","targetHints":{"allow":["GET"]}}],"collection":[{"href":"https:\/\/www.upo.es\/diario\/wp-json\/wp\/v2\/posts"}],"about":[{"href":"https:\/\/www.upo.es\/diario\/wp-json\/wp\/v2\/types\/post"}],"author":[{"embeddable":true,"href":"https:\/\/www.upo.es\/diario\/wp-json\/wp\/v2\/users\/4"}],"replies":[{"embeddable":true,"href":"https:\/\/www.upo.es\/diario\/wp-json\/wp\/v2\/comments?post=10552290"}],"version-history":[{"count":11,"href":"https:\/\/www.upo.es\/diario\/wp-json\/wp\/v2\/posts\/10552290\/revisions"}],"predecessor-version":[{"id":10560446,"href":"https:\/\/www.upo.es\/diario\/wp-json\/wp\/v2\/posts\/10552290\/revisions\/10560446"}],"wp:attachment":[{"href":"https:\/\/www.upo.es\/diario\/wp-json\/wp\/v2\/media?parent=10552290"}],"wp:term":[{"taxonomy":"category","embeddable":true,"href":"https:\/\/www.upo.es\/diario\/wp-json\/wp\/v2\/categories?post=10552290"},{"taxonomy":"post_tag","embeddable":true,"href":"https:\/\/www.upo.es\/diario\/wp-json\/wp\/v2\/tags?post=10552290"}],"curies":[{"name":"wp","href":"https:\/\/api.w.org\/{rel}","templated":true}]}}