{"id":10568898,"date":"2015-09-17T15:30:41","date_gmt":"2015-09-17T15:30:41","guid":{"rendered":"https:\/\/www.upo.es\/diario\/?p=10568898"},"modified":"2015-09-18T08:52:02","modified_gmt":"2015-09-18T08:52:02","slug":"profesionales-del-derecho-se-dan-cita-en-la-upo-en-el-i-foro-aranzadi-social-sevilla","status":"publish","type":"post","link":"https:\/\/www.upo.es\/diario\/institucional\/2015\/09\/profesionales-del-derecho-se-dan-cita-en-la-upo-en-el-i-foro-aranzadi-social-sevilla\/","title":{"rendered":"Profesionales del Derecho se dan cita en la UPO en el I Foro Aranzadi Social Sevilla"},"content":{"rendered":"<figure id=\"attachment_10574751\" aria-describedby=\"caption-attachment-10574751\" style=\"width: 600px\" class=\"wp-caption aligncenter\"><a href=\"https:\/\/www.upo.es\/diario\/wp-content\/uploads\/2015\/09\/I-Foro-Aranzadi-2.jpg\"><img loading=\"lazy\" decoding=\"async\" class=\"size-large wp-image-10574751\" alt=\"El rector durante al inauguraci\u00f3n del Foro\" src=\"https:\/\/www.upo.es\/diario\/wp-content\/uploads\/2015\/09\/I-Foro-Aranzadi-2-600x343.jpg\" width=\"600\" height=\"343\" srcset=\"https:\/\/www.upo.es\/diario\/wp-content\/uploads\/2015\/09\/I-Foro-Aranzadi-2-600x343.jpg 600w, https:\/\/www.upo.es\/diario\/wp-content\/uploads\/2015\/09\/I-Foro-Aranzadi-2-320x183.jpg 320w\" sizes=\"auto, (max-width: 600px) 100vw, 600px\" \/><\/a><figcaption id=\"caption-attachment-10574751\" class=\"wp-caption-text\">Este Foro se celebrar\u00e1 en la Olavide desde el mes de septiembre hasta el mes de mayo<\/figcaption><\/figure>\n<p>Esta tarde se ha celebrado en la Universidad Pablo de Olavide la primera de las 9 sesiones del <b>I Foro Aranzadi Social Sevilla<\/b>, un encuentro que ha sido inaugurado por el rector de la UPO Vicente Guzm\u00e1n Fluja, quien ha estado acompa\u00f1ado por su director, Santiago Gonz\u00e1lez Ortega, catedr\u00e1tico de Derecho del Trabajo y de la Seguridad Social de la UPO, y por Estefan\u00eda Rodr\u00edguez Santos, profesora doctora de Derecho del Trabajo y de la Seguridad Social de la UPO y coordinadora de este foro.<\/p>\n<p>Este foro que ha comenzado hoy jueves reunir\u00e1 desde septiembre a mayo a destacados profesionales del \u00e1mbito del Derecho, quienes a trav\u00e9s de debates y casos pr\u00e1cticos compartir\u00e1n sus conocimientos sobre Derecho Laboral y Seguridad Social. El objetivo es dar a conocer las \u00faltimas novedades normativas, su aplicaci\u00f3n pr\u00e1ctica y las diferentes interpretaciones que de ellas han hecho los Tribunales, as\u00ed como resolver dudas sobre los temas planteados gracias al formato altamente participativo de las sesiones.<\/p>\n<p><a href=\"https:\/\/www.upo.es\/diario\/wp-content\/uploads\/2015\/09\/I-Foro_Social_Sevilla-1.jpg\"><img loading=\"lazy\" decoding=\"async\" class=\"alignright size-medium wp-image-10560111\" alt=\"PDF_I Foro_Social_Sevilla_3.indd\" src=\"https:\/\/www.upo.es\/diario\/wp-content\/uploads\/2015\/09\/I-Foro_Social_Sevilla-1-241x320.jpg\" width=\"241\" height=\"320\" srcset=\"https:\/\/www.upo.es\/diario\/wp-content\/uploads\/2015\/09\/I-Foro_Social_Sevilla-1-241x320.jpg 241w, https:\/\/www.upo.es\/diario\/wp-content\/uploads\/2015\/09\/I-Foro_Social_Sevilla-1-453x600.jpg 453w, https:\/\/www.upo.es\/diario\/wp-content\/uploads\/2015\/09\/I-Foro_Social_Sevilla-1-600x794.jpg 600w, https:\/\/www.upo.es\/diario\/wp-content\/uploads\/2015\/09\/I-Foro_Social_Sevilla-1.jpg 1480w\" sizes=\"auto, (max-width: 241px) 100vw, 241px\" \/><\/a>De esta manera, en la sesi\u00f3n de hoy intervienen Mar\u00eda Jos\u00e9 G\u00f3mez-Mill\u00e1n Herencia, profesora de la UPO, para abordar las novedades normativas y bibliogr\u00e1ficas; la Doctrina de los Juzgados de lo Social de Sevilla, analizada por la magistrada Nieves Rico M\u00e1rquez; la Doctrina de la Sala de lo Social del Tribunal Superior de Justicia de Andaluc\u00eda, tratada por el magistrado Jes\u00fas S\u00e1nchez Andrade; y la jurisprudencia del Tribunal Supremo y resto de tribunales, a cargo de Santiago Gonz\u00e1lez Ortega. Por su parte, <b>Sebasti\u00e1n de Soto Rioja<\/b>, catedr\u00e1tico de Derecho del Trabajo y de la Seguridad Social de la <a href=\"http:\/\/www.uhu.es\/index.php\">Universidad de Huelva<\/a>, imparte la conferencia \u201cLos grupos de empresa\u201d.<\/p>\n<p>El I Foro Aranzadi Social Sevilla est\u00e1 organizado conjuntamente por el \u00c1rea del Derecho del Trabajo y de la Seguridad Social de la <a href=\"https:\/\/www.upo.es\/portal\/impe\/web\/portada\">UPO<\/a>, la <a href=\"http:\/\/www.aranzadi.es\/\">editorial Aranzadi<\/a> y el Colegio Oficial de Graduados Sociales de Sevilla<\/p>\n<p><b>\u00a0&gt;<\/b>\u00a0<b><a href=\"https:\/\/www.upo.es\/upo_opencms\/export\/sites\/upo\/Galerias\/Descargas\/InfoEstudiantes\/I_Foro_Social_Sevilla.pdf\">Programa del I Foro Aranzadi Social Sevilla -pdf-<\/a><\/b><\/p>\n","protected":false},"excerpt":{"rendered":"<p>Este foro  re\u00fane desde septiembre a mayo a destacados profesionales del \u00e1mbito del Derecho, quienes a trav\u00e9s de debates y casos pr\u00e1cticos compartir\u00e1n sus conocimientos sobre Derecho Laboral y Seguridad Social. <\/p>\n","protected":false},"author":6,"featured_media":0,"comment_status":"closed","ping_status":"open","sticky":false,"template":"","format":"standard","meta":{"_monsterinsights_skip_tracking":false,"_monsterinsights_sitenote_active":false,"_monsterinsights_sitenote_note":"","_monsterinsights_sitenote_category":0,"footnotes":""},"categories":[6],"tags":[2293,87,2603,1436],"class_list":["post-10568898","post","type-post","status-publish","format-standard","hentry","category-institucional","tag-area-de-derecho-del-trabajo-y-de-la-seguridad-social","tag-derecho","tag-doctrina-judicial","tag-foro"],"_links":{"self":[{"href":"https:\/\/www.upo.es\/diario\/wp-json\/wp\/v2\/posts\/10568898","targetHints":{"allow":["GET"]}}],"collection":[{"href":"https:\/\/www.upo.es\/diario\/wp-json\/wp\/v2\/posts"}],"about":[{"href":"https:\/\/www.upo.es\/diario\/wp-json\/wp\/v2\/types\/post"}],"author":[{"embeddable":true,"href":"https:\/\/www.upo.es\/diario\/wp-json\/wp\/v2\/users\/6"}],"replies":[{"embeddable":true,"href":"https:\/\/www.upo.es\/diario\/wp-json\/wp\/v2\/comments?post=10568898"}],"version-history":[{"count":7,"href":"https:\/\/www.upo.es\/diario\/wp-json\/wp\/v2\/posts\/10568898\/revisions"}],"predecessor-version":[{"id":10574750,"href":"https:\/\/www.upo.es\/diario\/wp-json\/wp\/v2\/posts\/10568898\/revisions\/10574750"}],"wp:attachment":[{"href":"https:\/\/www.upo.es\/diario\/wp-json\/wp\/v2\/media?parent=10568898"}],"wp:term":[{"taxonomy":"category","embeddable":true,"href":"https:\/\/www.upo.es\/diario\/wp-json\/wp\/v2\/categories?post=10568898"},{"taxonomy":"post_tag","embeddable":true,"href":"https:\/\/www.upo.es\/diario\/wp-json\/wp\/v2\/tags?post=10568898"}],"curies":[{"name":"wp","href":"https:\/\/api.w.org\/{rel}","templated":true}]}}