{"id":10575742,"date":"2015-09-18T06:21:15","date_gmt":"2015-09-18T06:21:15","guid":{"rendered":"https:\/\/www.upo.es\/diario\/?p=10575742"},"modified":"2015-09-21T12:31:08","modified_gmt":"2015-09-21T12:31:08","slug":"sevilla-presenta-la-noche-europea-de-los-investigadores","status":"publish","type":"post","link":"https:\/\/www.upo.es\/diario\/ciencia\/2015\/09\/sevilla-presenta-la-noche-europea-de-los-investigadores\/","title":{"rendered":"Sevilla presenta La Noche Europea de los Investigadores"},"content":{"rendered":"<p><a href=\"https:\/\/www.upo.es\/diario\/wp-content\/uploads\/2015\/09\/la-noche-europea-investigadores-2015.png\"><img loading=\"lazy\" decoding=\"async\" class=\"aligncenter size-large wp-image-10465755\" alt=\"La Noche Europea de l@s Investigador@s de Sevilla: 25\/09\/2015\" src=\"https:\/\/www.upo.es\/diario\/wp-content\/uploads\/2015\/09\/la-noche-europea-investigadores-2015-600x390.png\" width=\"600\" height=\"390\" srcset=\"https:\/\/www.upo.es\/diario\/wp-content\/uploads\/2015\/09\/la-noche-europea-investigadores-2015-600x390.png 600w, https:\/\/www.upo.es\/diario\/wp-content\/uploads\/2015\/09\/la-noche-europea-investigadores-2015-320x208.png 320w, https:\/\/www.upo.es\/diario\/wp-content\/uploads\/2015\/09\/la-noche-europea-investigadores-2015.png 1256w\" sizes=\"auto, (max-width: 600px) 100vw, 600px\" \/><\/a>La <a href=\"https:\/\/lanochedelosinvestigadores.fundaciondescubre.es\/portada\/\">Noche Europea de los Investigadores<\/a>, evento promovido por la Comisi\u00f3n Europea y coordinado en Andaluc\u00eda por la Fundaci\u00f3n Descubre, se celebrar\u00e1 en Sevilla el d\u00eda 25 de septiembre. En la ciudad est\u00e1 organizada por el Consejo Superior de Investigaciones Cient\u00edficas (CSIC), la Universidad de Sevilla (US) y la Universidad Pablo de Olavide (UPO), con la colaboraci\u00f3n del Ayuntamiento de Sevilla.<\/p>\n<p>El pr\u00f3ximo lunes 21 de septiembre se celebrar\u00e1 una rueda de prensa en la que participar\u00e1n <b>Bruno Mart\u00ednez Haya<\/b>, vicerrector de Investigaci\u00f3n y Transferencia de Tecnolog\u00eda de la Universidad Pablo de Olavide; <b>Miguel Ferrer<\/b>,\u00a0 coordinador del CSIC en Andaluc\u00eda; <b>Pilar Ostos<\/b>, directora del Secretariado de Promoci\u00f3n y An\u00e1lisis de la Investigaci\u00f3n de la Universidad de Sevilla, y <b>Susana L\u00f3pez<\/b>, delegada territorial de la Consejer\u00eda de Econom\u00eda y Conocimiento en Sevilla.<\/p>\n<p>La Noche Europea de los Investigadores es un proyecto de divulgaci\u00f3n cient\u00edfica promovido por la Comisi\u00f3n Europea dentro de las acciones Marie Sktodowska-Curie del programa Horizonte 2020, que tiene lugar simult\u00e1neamente en m\u00e1s de 350 ciudades europeas desde 2005.<\/p>\n","protected":false},"excerpt":{"rendered":"<p>La Noche Europea de los Investigadores, evento promovido por la Comisi\u00f3n Europea y coordinado en Andaluc\u00eda por la Fundaci\u00f3n Descubre, se celebrar\u00e1 en Sevilla el d\u00eda 25 de septiembre. En la ciudad est\u00e1 organizada por el Consejo Superior de Investigaciones Cient\u00edficas (CSIC), la Universidad de Sevilla (US) y la Universidad Pablo de Olavide (UPO), con la colaboraci\u00f3n del Ayuntamiento de Sevilla.<\/p>\n","protected":false},"author":2,"featured_media":0,"comment_status":"closed","ping_status":"open","sticky":false,"template":"","format":"standard","meta":{"_monsterinsights_skip_tracking":false,"_monsterinsights_sitenote_active":false,"_monsterinsights_sitenote_note":"","_monsterinsights_sitenote_category":0,"footnotes":""},"categories":[3],"tags":[621,1411,47,734,83,161,39],"class_list":["post-10575742","post","type-post","status-publish","format-standard","hentry","category-ciencia","tag-ayuntamiento-de-sevilla","tag-fundacion-descubre","tag-fundaciones","tag-investigadores","tag-otri","tag-sevilla","tag-universidades"],"_links":{"self":[{"href":"https:\/\/www.upo.es\/diario\/wp-json\/wp\/v2\/posts\/10575742","targetHints":{"allow":["GET"]}}],"collection":[{"href":"https:\/\/www.upo.es\/diario\/wp-json\/wp\/v2\/posts"}],"about":[{"href":"https:\/\/www.upo.es\/diario\/wp-json\/wp\/v2\/types\/post"}],"author":[{"embeddable":true,"href":"https:\/\/www.upo.es\/diario\/wp-json\/wp\/v2\/users\/2"}],"replies":[{"embeddable":true,"href":"https:\/\/www.upo.es\/diario\/wp-json\/wp\/v2\/comments?post=10575742"}],"version-history":[{"count":7,"href":"https:\/\/www.upo.es\/diario\/wp-json\/wp\/v2\/posts\/10575742\/revisions"}],"predecessor-version":[{"id":10597468,"href":"https:\/\/www.upo.es\/diario\/wp-json\/wp\/v2\/posts\/10575742\/revisions\/10597468"}],"wp:attachment":[{"href":"https:\/\/www.upo.es\/diario\/wp-json\/wp\/v2\/media?parent=10575742"}],"wp:term":[{"taxonomy":"category","embeddable":true,"href":"https:\/\/www.upo.es\/diario\/wp-json\/wp\/v2\/categories?post=10575742"},{"taxonomy":"post_tag","embeddable":true,"href":"https:\/\/www.upo.es\/diario\/wp-json\/wp\/v2\/tags?post=10575742"}],"curies":[{"name":"wp","href":"https:\/\/api.w.org\/{rel}","templated":true}]}}