{"id":1059808,"date":"2013-06-20T12:30:04","date_gmt":"2013-06-20T12:30:04","guid":{"rendered":"https:\/\/www.upo.es\/diario\/?p=1059808"},"modified":"2013-06-21T12:47:45","modified_gmt":"2013-06-21T12:47:45","slug":"la-obra-amar-primer-premio-del-concurso-pixeladas-percepciones-de-la-imagen-y-la-palabra","status":"publish","type":"post","link":"https:\/\/www.upo.es\/diario\/cultura\/2013\/06\/la-obra-amar-primer-premio-del-concurso-pixeladas-percepciones-de-la-imagen-y-la-palabra\/","title":{"rendered":"La obra \u00abAMAR\u00bb primer premio del concurso \u201cPixeladas, Percepciones de la Imagen y la Palabra\u201d"},"content":{"rendered":"<figure id=\"attachment_1059809\" aria-describedby=\"caption-attachment-1059809\" style=\"width: 320px\" class=\"wp-caption alignright\"><a href=\"https:\/\/www.upo.es\/diario\/wp-content\/uploads\/2013\/06\/obrapremiada.jpg\"><img loading=\"lazy\" decoding=\"async\" class=\"size-medium wp-image-1059809\" alt=\"Imagen de la obra premiada.\" src=\"https:\/\/www.upo.es\/diario\/wp-content\/uploads\/2013\/06\/obrapremiada-320x213.jpg\" width=\"320\" height=\"213\" srcset=\"https:\/\/www.upo.es\/diario\/wp-content\/uploads\/2013\/06\/obrapremiada-320x213.jpg 320w, https:\/\/www.upo.es\/diario\/wp-content\/uploads\/2013\/06\/obrapremiada-1024x682.jpg 1024w, https:\/\/www.upo.es\/diario\/wp-content\/uploads\/2013\/06\/obrapremiada-600x400.jpg 600w, https:\/\/www.upo.es\/diario\/wp-content\/uploads\/2013\/06\/obrapremiada.jpg 1600w\" sizes=\"auto, (max-width: 320px) 100vw, 320px\" \/><\/a><figcaption id=\"caption-attachment-1059809\" class=\"wp-caption-text\">Imagen de \u00abAMAR\u00bb, la obra premiada.<\/figcaption><\/figure>\n<p>La obra \u201cAMAR\u201d de Mar\u00eda Magdalena Castro Ruiz, se ha alzado con el primer premio del concurso \u201cPixeladas, Percepciones de la Imagen y la Palabra\u201d, concurso al que se han presentado un total de 12 obras creadas por los alumnos del taller creativo impartido por la artista pl\u00e1stica Mar\u00eda Ortega Estepa y la escritora Espido Freire el pasado mes de mayo en la Universidad Pablo de Olavide.<\/p>\n<p>El jurado, compuesto por la escritora Espido Freire; la artista pl\u00e1stica Mar\u00eda Ortega; Jos\u00e9 Carlos Rold\u00e1n, conservador y restaurador del CAAC; Teresa Moreno, jefa de la Unidad de Promoci\u00f3n Social y Cultural de la UPO, y Rosario P\u00e9rex del Amo, t\u00e9cnica de Actividades Culturales de la UNIA, ha decidido otorgar el premio a esta obra tras considerar que \u201cla integraci\u00f3n de la obra en el entorno universitario aporta un alto valor creativo, por la uni\u00f3n entre las disciplinas (literatura y pl\u00e1stica) que se encuentran en la base del proyecto Pixeladas y por provocar una visi\u00f3n del espacio diferente\u201d. Adem\u00e1s, el jurado tambi\u00e9n ha destacado la conexi\u00f3n emocional que se produce entre la persona que observa y la obra.<\/p>\n<p>La obra <a href=\"http:\/\/issuu.com\/pixeladas\/docs\/proyecto_amar\">\u201cAMAR\u201d<\/a> de Mar\u00eda Magdalena Castro Ruiz, \u201cMaggie La Loca\u201d, estudiante de Bellas Artes de la Hispalense, reproduce una instalaci\u00f3n art\u00edstica en la que la autora ha plasmado la labor pict\u00f3rica y conceptual que viene desarrollando durante el \u00faltimo curso de sus estudios universitarios. As\u00ed, en el trabajo pict\u00f3rico, est\u00e1n presentes varios conceptos como el mar, la l\u00ednea del horizonte, el tiempo y la idea de recorrido. El espacio elegido para la instalaci\u00f3n es una rampa en zigzag que se encuentra delante del Edificio Elhuyar y de Suvisa, frente a la Biblioteca de la UPO. Con el fin de fusionar la imagen y la palabra, en el lateral de dicha\u00a0 rampa se lee de un vistazo la palabra \u201camar\u201d.<\/p>\n<figure id=\"attachment_1059810\" aria-describedby=\"caption-attachment-1059810\" style=\"width: 320px\" class=\"wp-caption alignleft\"><a href=\"https:\/\/www.upo.es\/diario\/wp-content\/uploads\/2013\/06\/obrapremiada1.jpg\"><img loading=\"lazy\" decoding=\"async\" class=\"size-medium wp-image-1059810 \" alt=\"La creadora Mar\u00eda Magdalena Castro Ruiz junto a su obra. \" src=\"https:\/\/www.upo.es\/diario\/wp-content\/uploads\/2013\/06\/obrapremiada1-320x240.jpg\" width=\"320\" height=\"240\" srcset=\"https:\/\/www.upo.es\/diario\/wp-content\/uploads\/2013\/06\/obrapremiada1-320x240.jpg 320w, https:\/\/www.upo.es\/diario\/wp-content\/uploads\/2013\/06\/obrapremiada1-1024x768.jpg 1024w, https:\/\/www.upo.es\/diario\/wp-content\/uploads\/2013\/06\/obrapremiada1-600x450.jpg 600w\" sizes=\"auto, (max-width: 320px) 100vw, 320px\" \/><\/a><figcaption id=\"caption-attachment-1059810\" class=\"wp-caption-text\">La creadora Mar\u00eda Magdalena Castro Ruiz junto a su obra.<\/figcaption><\/figure>\n<p>La imagen principal de la obra es un degradado en color azul utilizando los diferentes niveles que existen por la propia construcci\u00f3n de la rampa, para crear la sensaci\u00f3n visual del espectador de que se encuentra delante de un mar que se va perdiendo en la lejan\u00eda. \u201cUno de mis objetivo era crear la sensaci\u00f3n de que un trocito de mar se encuentra en la UPO. Quiero llevar el mar adonde la tierra le impida el paso, como un regalo para el espectador y una recompensa para m\u00ed misma\u201d, explica la autora.<\/p>\n<p>Por su parte, el jurado tambi\u00e9n ha destacado como proyectos finalistas \u201cEscenario de un cuento: las hadas s\u00ed existen\u201d, de Conchita Valent\u00edn Sol\u00eds, y \u201cLa ilustraci\u00f3n es un viaje\u201d, de Sara Velasco y Marcelo Mart\u00edn.<\/p>\n<p>A trav\u00e9s del siguiente enlace de <a href=\"https:\/\/www.flickr.com\/photos\/pixeladas3-upo\/\">Flickr<\/a>, producto creado en el marco del proyecto Pixeladas, las personas interesadas pueden acceder a informaci\u00f3n detallada de las 12 obras presentadas al concurso, que actualmente est\u00e1n expuestas en distintos puntos del campus de la Universidad Pablo de Olavide.<\/p>\n<p>La III edici\u00f3n de \u201c<b>Pixeladas, Percepciones de la Imagen y la Palabra\u201d<\/b>, se centra, tanto en su fase de formaci\u00f3n como en la de concurso, en el arte de instalaci\u00f3n y la literatura aplicada a las artes pl\u00e1sticas.<\/p>\n<figure id=\"attachment_1059813\" aria-describedby=\"caption-attachment-1059813\" style=\"width: 320px\" class=\"wp-caption alignright\"><a href=\"https:\/\/www.upo.es\/diario\/wp-content\/uploads\/2013\/06\/pixeladas.jpg\"><img loading=\"lazy\" decoding=\"async\" class=\"size-medium wp-image-1059813\" alt=\"Finalistas Pixeladas\" src=\"https:\/\/www.upo.es\/diario\/wp-content\/uploads\/2013\/06\/pixeladas-320x240.jpg\" width=\"320\" height=\"240\" srcset=\"https:\/\/www.upo.es\/diario\/wp-content\/uploads\/2013\/06\/pixeladas-320x240.jpg 320w, https:\/\/www.upo.es\/diario\/wp-content\/uploads\/2013\/06\/pixeladas-1024x768.jpg 1024w, https:\/\/www.upo.es\/diario\/wp-content\/uploads\/2013\/06\/pixeladas-600x450.jpg 600w\" sizes=\"auto, (max-width: 320px) 100vw, 320px\" \/><\/a><figcaption id=\"caption-attachment-1059813\" class=\"wp-caption-text\">De izquierda a derecha, la vicerrectora Elodia Hern\u00e1nez, Marcelo Mart\u00edn, Sara Velasco, Mar\u00eda Magdalena Castro, Mar\u00eda Ortega y Conchita Valent\u00edn.<\/figcaption><\/figure>\n<p>La fase formativa de Pixeladas ha estado compuesta por <b>dos cursos<\/b>: \u201cLas instalaciones art\u00edsticas como medio para pensar de forma cr\u00edtica y creativa sobre el significado de las cosas\u201d, celebrado del 22 al 26 de abril; y \u201cLa literatura aplicada a las Artes Pl\u00e1sticas\u201d, celebrado del 6 al 10 de mayo. Esta fase finaliz\u00f3 con un <b>taller creativo<\/b>, que tuvo lugar del 15 al 23 de mayo, impartido por la artista pl\u00e1stica <b><a href=\"http:\/\/www.mariaortegaestepa.com\/\">Mar\u00eda Ortega Estepa<\/a><\/b> y la escritora <b><a href=\"http:\/\/es.wikipedia.org\/wiki\/Espido_Freire\">Espido Freire<\/a><\/b>.<\/p>\n<p>Tras la fase de formaci\u00f3n se inicia la de <b>concurso<\/b>, en la que participan los alumnos inscritos en \u201cPixeladas III\u201d. El concurso se celebra tanto a nivel local, un premio por universidad, como interuniversitario.<\/p>\n<p>Pixeladas es una actividad coordinada por la Universidad Pablo de Olavide dentro del Proyecto Atalaya. Esta iniciativa pretende ofrecer una formaci\u00f3n especializada en el mundo de las artes adem\u00e1s de ser un laboratorio creativo, siempre vinculado a la estrecha relaci\u00f3n entre la imagen y la palabra.<\/p>\n","protected":false},"excerpt":{"rendered":"<p>La obra \u201cAMAR\u201d de Mar\u00eda Magdalena Castro Ruiz, se ha alzado con el primer premio del concurso \u201cPixeladas, Percepciones de la Imagen y la Palabra\u201d, concurso al que se han presentado un total de 12 obras creadas por los alumnos del taller creativo impartido por la artista pl\u00e1stica Mar\u00eda Ortega Estepa y la escritora Espido Freire el pasado mes de mayo en la Universidad Pablo de Olavide.<\/p>\n","protected":false},"author":2,"featured_media":0,"comment_status":"closed","ping_status":"open","sticky":false,"template":"","format":"standard","meta":{"_monsterinsights_skip_tracking":false,"_monsterinsights_sitenote_active":false,"_monsterinsights_sitenote_note":"","_monsterinsights_sitenote_category":0,"footnotes":""},"categories":[7],"tags":[265,74,75,401,699,442],"class_list":["post-1059808","post","type-post","status-publish","format-standard","hentry","category-cultura","tag-arte","tag-exposiciones","tag-extension-cultural","tag-literatura","tag-pixeladas","tag-vicerrectorado"],"_links":{"self":[{"href":"https:\/\/www.upo.es\/diario\/wp-json\/wp\/v2\/posts\/1059808","targetHints":{"allow":["GET"]}}],"collection":[{"href":"https:\/\/www.upo.es\/diario\/wp-json\/wp\/v2\/posts"}],"about":[{"href":"https:\/\/www.upo.es\/diario\/wp-json\/wp\/v2\/types\/post"}],"author":[{"embeddable":true,"href":"https:\/\/www.upo.es\/diario\/wp-json\/wp\/v2\/users\/2"}],"replies":[{"embeddable":true,"href":"https:\/\/www.upo.es\/diario\/wp-json\/wp\/v2\/comments?post=1059808"}],"version-history":[{"count":7,"href":"https:\/\/www.upo.es\/diario\/wp-json\/wp\/v2\/posts\/1059808\/revisions"}],"predecessor-version":[{"id":1065618,"href":"https:\/\/www.upo.es\/diario\/wp-json\/wp\/v2\/posts\/1059808\/revisions\/1065618"}],"wp:attachment":[{"href":"https:\/\/www.upo.es\/diario\/wp-json\/wp\/v2\/media?parent=1059808"}],"wp:term":[{"taxonomy":"category","embeddable":true,"href":"https:\/\/www.upo.es\/diario\/wp-json\/wp\/v2\/categories?post=1059808"},{"taxonomy":"post_tag","embeddable":true,"href":"https:\/\/www.upo.es\/diario\/wp-json\/wp\/v2\/tags?post=1059808"}],"curies":[{"name":"wp","href":"https:\/\/api.w.org\/{rel}","templated":true}]}}