{"id":10599790,"date":"2015-09-21T12:47:39","date_gmt":"2015-09-21T12:47:39","guid":{"rendered":"https:\/\/www.upo.es\/diario\/?p=10599790"},"modified":"2015-09-21T12:47:39","modified_gmt":"2015-09-21T12:47:39","slug":"presentacion-de-la-i-edicion-del-master-de-narrativa-y-creacion-literaria-de-la-universidad-pablo-de-olavide","status":"publish","type":"post","link":"https:\/\/www.upo.es\/diario\/institucional\/2015\/09\/presentacion-de-la-i-edicion-del-master-de-narrativa-y-creacion-literaria-de-la-universidad-pablo-de-olavide\/","title":{"rendered":"Presentaci\u00f3n de la I Edici\u00f3n del M\u00e1ster de Narrativa y Creaci\u00f3n Literaria de la Universidad Pablo de Olavide"},"content":{"rendered":"<figure id=\"attachment_10599791\" aria-describedby=\"caption-attachment-10599791\" style=\"width: 600px\" class=\"wp-caption aligncenter\"><a href=\"https:\/\/www.upo.es\/diario\/wp-content\/uploads\/2015\/09\/presen_master_narrativa.jpg\"><img loading=\"lazy\" decoding=\"async\" class=\"size-large wp-image-10599791\" alt=\"En la imagen y de izquierda a derecha, Teo Palacios, Luis Manuel Ruiz y Concha Perea, durante el acto de presentaci\u00f3n en FNAC.\" src=\"https:\/\/www.upo.es\/diario\/wp-content\/uploads\/2015\/09\/presen_master_narrativa-600x450.jpg\" width=\"600\" height=\"450\" srcset=\"https:\/\/www.upo.es\/diario\/wp-content\/uploads\/2015\/09\/presen_master_narrativa-600x450.jpg 600w, https:\/\/www.upo.es\/diario\/wp-content\/uploads\/2015\/09\/presen_master_narrativa-320x240.jpg 320w\" sizes=\"auto, (max-width: 600px) 100vw, 600px\" \/><\/a><figcaption id=\"caption-attachment-10599791\" class=\"wp-caption-text\">En la imagen y de izquierda a derecha, Teo Palacios, Luis Manuel Ruiz y Concha Perea, durante el acto de presentaci\u00f3n en FNAC.<\/figcaption><\/figure>\n<p>La sede de FNAC Sevilla acogi\u00f3 el pasado viernes por la tarde la presentaci\u00f3n de la primera edici\u00f3n del M\u00e1ster de Narrativa y Creaci\u00f3n Literaria de la Universidad Pablo de Olavide, t\u00edtulo propio que comenzar\u00e1 en enero del pr\u00f3ximo a\u00f1o.<\/p>\n<p>En dicho acto participaron Teo Palacios, director ejecutivo del m\u00e1ster; Concha Perea, coordinadora de este t\u00edtulo y el escritor Luis Manuel Ruiz, quien impartir\u00e1 un m\u00f3dulo sobre bestseller.<\/p>\n<p>Conseguir el grado de aptitud necesario para desarrollar una labor profesional en el \u00e1mbito de la creaci\u00f3n literaria y la narrativa, incluyendo la capacidad para actuar como responsable de cuestiones relativas a la literatura en radios, televisiones, industrias culturales o editoriales es uno de los principales objetivos de este m\u00e1ster.<\/p>\n<p>Asimismo, se propiciar\u00e1 que los alumnos puedan desarrollar las habilidades de aprendizaje que les permitan continuar form\u00e1ndose como escritor, as\u00ed como alcanzar los conocimientos te\u00f3ricos y t\u00e9cnicos necesarios para el desarrollo de un proyecto literario debidamente fundamentado, entre otros.<\/p>\n<p>Entre otros temas, los estudiantes tendr\u00e1n la posibilidad de tratar aspectos como los espacios y la estructura narrativa, los errores en el autor novel, los finales de las novelas, la creaci\u00f3n de personales, el desarrollo de una marca propia como escritor o c\u00f3mo presentar un libro a una editorial.<\/p>\n<p>Una vez que el alumno haya concluido el m\u00e1ster, deber\u00e1 presentar un trabajo personal de investigaci\u00f3n o en la escritura de una novela corta, que el estudiante debe realizar, individualmente\u00a0o \u2015de forma excepcional\u2015 en grupo de no m\u00e1s de tres miembros.<\/p>\n<p>Para ampliar la informaci\u00f3n del m\u00e1ster: <a href=\"http:\/\/bit.ly\/1GkfN4E\">http:\/\/bit.ly\/1GkfN4E<\/a><\/p>\n<p align=\"center\"><b>\u00a0<\/b><\/p>\n","protected":false},"excerpt":{"rendered":"<p>La sede de FNAC Sevilla acogi\u00f3 el pasado viernes por la tarde la presentaci\u00f3n de la primera edici\u00f3n del M\u00e1ster de Narrativa y Creaci\u00f3n Literaria de la Universidad Pablo de Olavide, t\u00edtulo propio que comenzar\u00e1 en enero del pr\u00f3ximo a\u00f1o. <\/p>\n","protected":false},"author":2,"featured_media":0,"comment_status":"closed","ping_status":"open","sticky":false,"template":"","format":"standard","meta":{"_monsterinsights_skip_tracking":false,"_monsterinsights_sitenote_active":false,"_monsterinsights_sitenote_note":"","_monsterinsights_sitenote_category":0,"footnotes":""},"categories":[6],"tags":[2610,401,118,873],"class_list":["post-10599790","post","type-post","status-publish","format-standard","hentry","category-institucional","tag-creacion-literaria","tag-literatura","tag-master","tag-narrativa"],"_links":{"self":[{"href":"https:\/\/www.upo.es\/diario\/wp-json\/wp\/v2\/posts\/10599790","targetHints":{"allow":["GET"]}}],"collection":[{"href":"https:\/\/www.upo.es\/diario\/wp-json\/wp\/v2\/posts"}],"about":[{"href":"https:\/\/www.upo.es\/diario\/wp-json\/wp\/v2\/types\/post"}],"author":[{"embeddable":true,"href":"https:\/\/www.upo.es\/diario\/wp-json\/wp\/v2\/users\/2"}],"replies":[{"embeddable":true,"href":"https:\/\/www.upo.es\/diario\/wp-json\/wp\/v2\/comments?post=10599790"}],"version-history":[{"count":1,"href":"https:\/\/www.upo.es\/diario\/wp-json\/wp\/v2\/posts\/10599790\/revisions"}],"predecessor-version":[{"id":10599792,"href":"https:\/\/www.upo.es\/diario\/wp-json\/wp\/v2\/posts\/10599790\/revisions\/10599792"}],"wp:attachment":[{"href":"https:\/\/www.upo.es\/diario\/wp-json\/wp\/v2\/media?parent=10599790"}],"wp:term":[{"taxonomy":"category","embeddable":true,"href":"https:\/\/www.upo.es\/diario\/wp-json\/wp\/v2\/categories?post=10599790"},{"taxonomy":"post_tag","embeddable":true,"href":"https:\/\/www.upo.es\/diario\/wp-json\/wp\/v2\/tags?post=10599790"}],"curies":[{"name":"wp","href":"https:\/\/api.w.org\/{rel}","templated":true}]}}