{"id":10607414,"date":"2015-09-23T05:54:23","date_gmt":"2015-09-23T05:54:23","guid":{"rendered":"https:\/\/www.upo.es\/diario\/?p=10607414"},"modified":"2015-09-23T07:47:36","modified_gmt":"2015-09-23T07:47:36","slug":"manana-en-la-upo-jornada-de-orientacion-sobre-salidas-profesionales-de-la-facultad-de-ciencias-experimentales","status":"publish","type":"post","link":"https:\/\/www.upo.es\/diario\/institucional\/2015\/09\/manana-en-la-upo-jornada-de-orientacion-sobre-salidas-profesionales-de-la-facultad-de-ciencias-experimentales\/","title":{"rendered":"Hoy en la UPO, Jornada de Orientaci\u00f3n sobre Salidas Profesionales de la Facultad de Ciencias Experimentales"},"content":{"rendered":"<figure id=\"attachment_10614081\" aria-describedby=\"caption-attachment-10614081\" style=\"width: 600px\" class=\"wp-caption aligncenter\"><a href=\"https:\/\/www.upo.es\/diario\/wp-content\/uploads\/2015\/09\/jsalidasprofExperimentales.jpg\"><img loading=\"lazy\" decoding=\"async\" class=\"size-large wp-image-10614081\" alt=\"Jornadas Salidas Profesionales  de la Facultad de Ciencias Experimentales\" src=\"https:\/\/www.upo.es\/diario\/wp-content\/uploads\/2015\/09\/jsalidasprofExperimentales-600x399.jpg\" width=\"600\" height=\"399\" srcset=\"https:\/\/www.upo.es\/diario\/wp-content\/uploads\/2015\/09\/jsalidasprofExperimentales-600x399.jpg 600w, https:\/\/www.upo.es\/diario\/wp-content\/uploads\/2015\/09\/jsalidasprofExperimentales-320x213.jpg 320w\" sizes=\"auto, (max-width: 600px) 100vw, 600px\" \/><\/a><figcaption id=\"caption-attachment-10614081\" class=\"wp-caption-text\">Lourdes Moya, t\u00e9cnico del \u00c1rea de Orientaci\u00f3n Profesional, Inserci\u00f3n Laboral y Empleabilidad de la Fundaci\u00f3n Universidad Pablo de Olavide, imparte la sesi\u00f3n.<\/figcaption><\/figure>\n<p>Hoy mi\u00e9rcoles 23 de septiembre, a las 9:00 horas en el aula 202 del edificio 24 de la Universidad Pablo de Olavide, ha comenzado la primera sesi\u00f3n de la <strong>Jornada de Orientaci\u00f3n sobre Salidas Profesionales<\/strong> organizada por la Facultad de Ciencias Experimentales de la UPO. La entrada es libre hasta completar aforo.<\/p>\n<p>La jornada tiene como objetivo acercar la orientaci\u00f3n profesional a los estudiantes y resaltar la importancia de trabajar competencias como la comunicaci\u00f3n verbal y no verbal, el trabajo en equipo, los idiomas y el emprendimiento durante su paso por la Universidad.<\/p>\n<p>En esta primera jornada, dirigida a los estudiantes de primer y segundo curso de los grados en Ciencias Ambientales, Nutrici\u00f3n Humana y Diet\u00e9tica y Biotecnolog\u00eda, Lourdes Moya S\u00e1nchez, t\u00e9cnico del \u00c1rea de Orientaci\u00f3n Profesional, Inserci\u00f3n Laboral y Empleabilidad de la <a href=\"http:\/\/www.fundaciones.upo.es\/web\/guest\">Fundaci\u00f3n Universidad Pablo de Olavide<\/a>, imparte la sesi\u00f3n informativa sobre \u201cCompetencias profesionales, universidad y mercado de trabajo\u201d.<\/p>\n<p>Asimismo, el jueves 24 de septiembre a las 9:00 horas en el aula 202 del edificio 24 de la UPO, continuar\u00e1 la jornada dirigida a los estudiantes de tercer y cuarto curso de los tres grados impartidos en la Facultad de Ciencias Experimentales.<\/p>\n<p><b>\u00a0<\/b><\/p>\n","protected":false},"excerpt":{"rendered":"<p>Hoy mi\u00e9rcoles 23 de septiembre, a las 9:00 horas en el aula 202 del edificio 24 de la Universidad Pablo de Olavide, ha comenzado la primera sesi\u00f3n de la Jornada de Orientaci\u00f3n sobre Salidas Profesionales organizada por la Facultad de Ciencias Experimentales de la UPO. La entrada es libre hasta completar aforo.<\/p>\n","protected":false},"author":2,"featured_media":0,"comment_status":"closed","ping_status":"open","sticky":false,"template":"","format":"standard","meta":{"_monsterinsights_skip_tracking":false,"_monsterinsights_sitenote_active":false,"_monsterinsights_sitenote_note":"","_monsterinsights_sitenote_category":0,"footnotes":""},"categories":[6],"tags":[121,260,438,122,514,567,671,391],"class_list":["post-10607414","post","type-post","status-publish","format-standard","hentry","category-institucional","tag-biotecnologia","tag-ciencias-ambientales","tag-empleo","tag-facultad-ciencias-experimentales","tag-jornada","tag-mercado-laboral","tag-nutricion-humana-y-dietetica","tag-salidas-profesionales"],"_links":{"self":[{"href":"https:\/\/www.upo.es\/diario\/wp-json\/wp\/v2\/posts\/10607414","targetHints":{"allow":["GET"]}}],"collection":[{"href":"https:\/\/www.upo.es\/diario\/wp-json\/wp\/v2\/posts"}],"about":[{"href":"https:\/\/www.upo.es\/diario\/wp-json\/wp\/v2\/types\/post"}],"author":[{"embeddable":true,"href":"https:\/\/www.upo.es\/diario\/wp-json\/wp\/v2\/users\/2"}],"replies":[{"embeddable":true,"href":"https:\/\/www.upo.es\/diario\/wp-json\/wp\/v2\/comments?post=10607414"}],"version-history":[{"count":4,"href":"https:\/\/www.upo.es\/diario\/wp-json\/wp\/v2\/posts\/10607414\/revisions"}],"predecessor-version":[{"id":10613404,"href":"https:\/\/www.upo.es\/diario\/wp-json\/wp\/v2\/posts\/10607414\/revisions\/10613404"}],"wp:attachment":[{"href":"https:\/\/www.upo.es\/diario\/wp-json\/wp\/v2\/media?parent=10607414"}],"wp:term":[{"taxonomy":"category","embeddable":true,"href":"https:\/\/www.upo.es\/diario\/wp-json\/wp\/v2\/categories?post=10607414"},{"taxonomy":"post_tag","embeddable":true,"href":"https:\/\/www.upo.es\/diario\/wp-json\/wp\/v2\/tags?post=10607414"}],"curies":[{"name":"wp","href":"https:\/\/api.w.org\/{rel}","templated":true}]}}