{"id":10615105,"date":"2015-09-24T05:24:11","date_gmt":"2015-09-24T05:24:11","guid":{"rendered":"https:\/\/www.upo.es\/diario\/?p=10615105"},"modified":"2015-09-24T06:45:07","modified_gmt":"2015-09-24T06:45:07","slug":"historiadores-espanoles-presentan-sus-ultimas-investigaciones-sobre-la-republica-romana","status":"publish","type":"post","link":"https:\/\/www.upo.es\/diario\/institucional\/2015\/09\/historiadores-espanoles-presentan-sus-ultimas-investigaciones-sobre-la-republica-romana\/","title":{"rendered":"Historiadores espa\u00f1oles presentan sus \u00faltimas investigaciones sobre la Rep\u00fablica romana"},"content":{"rendered":"<p><a href=\"https:\/\/www.upo.es\/diario\/wp-content\/uploads\/2015\/09\/ProgramaSPQR_P\u00e1gina_1.jpg\"><img loading=\"lazy\" decoding=\"async\" class=\"alignright size-medium wp-image-10615106\" alt=\"ProgramaSPQR_P\u00e1gina_1\" src=\"https:\/\/www.upo.es\/diario\/wp-content\/uploads\/2015\/09\/ProgramaSPQR_P\u00e1gina_1-316x320.jpg\" width=\"316\" height=\"320\" srcset=\"https:\/\/www.upo.es\/diario\/wp-content\/uploads\/2015\/09\/ProgramaSPQR_P\u00e1gina_1-316x320.jpg 316w, https:\/\/www.upo.es\/diario\/wp-content\/uploads\/2015\/09\/ProgramaSPQR_P\u00e1gina_1-593x600.jpg 593w, https:\/\/www.upo.es\/diario\/wp-content\/uploads\/2015\/09\/ProgramaSPQR_P\u00e1gina_1-600x606.jpg 600w, https:\/\/www.upo.es\/diario\/wp-content\/uploads\/2015\/09\/ProgramaSPQR_P\u00e1gina_1.jpg 1654w\" sizes=\"auto, (max-width: 316px) 100vw, 316px\" \/><\/a>Destacados historiadores espa\u00f1oles se re\u00fanen el 24 y el 25 de septiembre en el <strong>I Seminario \u201cSPQR: Conflicto, pol\u00edtica e imperio en la Roma republicana\u201d<\/strong>, el primer coloquio de investigadores espa\u00f1oles en que presentar\u00e1n los \u00faltimos que se est\u00e1n realizando en torno a esta tem\u00e1tica.<\/p>\n<p>El acto de inauguraci\u00f3n se celebrar\u00e1 hoy jueves 24 de septiembre, a las 8:45 horas, en la Escuela de Estudios Hispano-Americanos (EEHA), a cargo del vicerrector de Investigaci\u00f3n y Transferencia de Tecnolog\u00eda de la UPO, Bruno Mart\u00ednez Haya, y del director de la EEHA, Antonio Guti\u00e9rrez Escudero.<\/p>\n<p>Organizado por el \u00c1rea de Historia Econ\u00f3mica de la UPO y el \u00c1rea de Historia Antigua de la <a href=\"http:\/\/www.unizar.es\/\">Universidad de Zaragoza<\/a>, con la colaboraci\u00f3n de la <a href=\"http:\/\/www.eeha.csic.es\/\">Escuela de Estudios Hispano-Americanos<\/a> del CSIC (EEHA), lugar donde se celebra este encuentro, este seminario se enmarca en el proyecto HAR2013-43496-P, \u201cOpini\u00f3n p\u00fablica y comunicaci\u00f3n pol\u00edtica en la Rep\u00fablica Romana (siglos II-I a de C.)\u201d, con la colaboraci\u00f3n del Plan Propio de Investigaci\u00f3n de la UPO.<\/p>\n<p><a href=\"https:\/\/www.academia.edu\/13263308\/SPQR_CONFLICTO_POL%C3%8DTICA_E_IMPERIO_EN_LA_ROMA_REPUBLICANA._I_Seminario_de_historiadores_espa%C3%B1oles_de_la_Rep%C3%BAblica_romana\">Programa del I Seminario \u201cSPQR: Conflicto, pol\u00edtica e imperio en la Roma republicana\u201d<\/a><\/p>\n<p align=\"center\"><b>\u00a0<\/b><\/p>\n","protected":false},"excerpt":{"rendered":"<p>Destacados historiadores espa\u00f1oles se re\u00fanen el 24 y el 25 de septiembre en el I Seminario \u201cSPQR: Conflicto, pol\u00edtica e imperio en la Roma republicana\u201d, el primer coloquio de investigadores espa\u00f1oles en que presentar\u00e1n los \u00faltimos que se est\u00e1n realizando en torno a esta tem\u00e1tica. <\/p>\n","protected":false},"author":2,"featured_media":0,"comment_status":"closed","ping_status":"open","sticky":false,"template":"","format":"standard","meta":{"_monsterinsights_skip_tracking":false,"_monsterinsights_sitenote_active":false,"_monsterinsights_sitenote_note":"","_monsterinsights_sitenote_category":0,"footnotes":""},"categories":[6],"tags":[603,1037,150,2616,2615,78],"class_list":["post-10615105","post","type-post","status-publish","format-standard","hentry","category-institucional","tag-coloquio","tag-escuela-de-estudios-hispano-americanos","tag-historia","tag-historiadores","tag-republica-romana","tag-seminario"],"_links":{"self":[{"href":"https:\/\/www.upo.es\/diario\/wp-json\/wp\/v2\/posts\/10615105","targetHints":{"allow":["GET"]}}],"collection":[{"href":"https:\/\/www.upo.es\/diario\/wp-json\/wp\/v2\/posts"}],"about":[{"href":"https:\/\/www.upo.es\/diario\/wp-json\/wp\/v2\/types\/post"}],"author":[{"embeddable":true,"href":"https:\/\/www.upo.es\/diario\/wp-json\/wp\/v2\/users\/2"}],"replies":[{"embeddable":true,"href":"https:\/\/www.upo.es\/diario\/wp-json\/wp\/v2\/comments?post=10615105"}],"version-history":[{"count":2,"href":"https:\/\/www.upo.es\/diario\/wp-json\/wp\/v2\/posts\/10615105\/revisions"}],"predecessor-version":[{"id":10621850,"href":"https:\/\/www.upo.es\/diario\/wp-json\/wp\/v2\/posts\/10615105\/revisions\/10621850"}],"wp:attachment":[{"href":"https:\/\/www.upo.es\/diario\/wp-json\/wp\/v2\/media?parent=10615105"}],"wp:term":[{"taxonomy":"category","embeddable":true,"href":"https:\/\/www.upo.es\/diario\/wp-json\/wp\/v2\/categories?post=10615105"},{"taxonomy":"post_tag","embeddable":true,"href":"https:\/\/www.upo.es\/diario\/wp-json\/wp\/v2\/tags?post=10615105"}],"curies":[{"name":"wp","href":"https:\/\/api.w.org\/{rel}","templated":true}]}}