{"id":10631981,"date":"2015-09-25T12:50:31","date_gmt":"2015-09-25T12:50:31","guid":{"rendered":"https:\/\/www.upo.es\/diario\/?p=10631981"},"modified":"2015-10-01T11:02:01","modified_gmt":"2015-10-01T11:02:01","slug":"estudiantes-de-la-universidad-pablo-de-olavide-realizaran-practicas-en-el-consejo-economico-y-social-de-andalucia-2","status":"publish","type":"post","link":"https:\/\/www.upo.es\/diario\/institucional\/2015\/09\/estudiantes-de-la-universidad-pablo-de-olavide-realizaran-practicas-en-el-consejo-economico-y-social-de-andalucia-2\/","title":{"rendered":"Estudiantes de la Universidad Pablo de Olavide realizar\u00e1n pr\u00e1cticas en el Consejo Econ\u00f3mico y Social de Andaluc\u00eda"},"content":{"rendered":"<figure id=\"attachment_10631983\" aria-describedby=\"caption-attachment-10631983\" style=\"width: 600px\" class=\"wp-caption aligncenter\"><a href=\"https:\/\/www.upo.es\/diario\/wp-content\/uploads\/2015\/09\/convenio-upo_ces-2015.jpg\"><img loading=\"lazy\" decoding=\"async\" class=\"size-large wp-image-10631983\" alt=\"El rector de la UPO, Vicente Guzm\u00e1n, y el presidente del Consejo Econ\u00f3mico y Social de Andaluc\u00eda, \u00c1ngel Gallego\" src=\"https:\/\/www.upo.es\/diario\/wp-content\/uploads\/2015\/09\/convenio-upo_ces-2015-600x378.jpg\" width=\"600\" height=\"378\" srcset=\"https:\/\/www.upo.es\/diario\/wp-content\/uploads\/2015\/09\/convenio-upo_ces-2015-600x378.jpg 600w, https:\/\/www.upo.es\/diario\/wp-content\/uploads\/2015\/09\/convenio-upo_ces-2015-320x201.jpg 320w, https:\/\/www.upo.es\/diario\/wp-content\/uploads\/2015\/09\/convenio-upo_ces-2015.jpg 1430w\" sizes=\"auto, (max-width: 600px) 100vw, 600px\" \/><\/a><figcaption id=\"caption-attachment-10631983\" class=\"wp-caption-text\">El rector de la UPO, Vicente Guzm\u00e1n, y el presidente del Consejo Econ\u00f3mico y Social de Andaluc\u00eda, \u00c1ngel Gallego<\/figcaption><\/figure>\n<p>El rector de la <strong>Universidad Pablo de Olavide<\/strong>, Vicente Guzm\u00e1n Fluja, y el presidente del <strong>Consejo Econ\u00f3mico y Social de Andaluc\u00eda (CES)<\/strong>, \u00c1ngel Gallego Morales, <strong>han renovado esta ma\u00f1ana, en la sede de la CES, el convenio de cooperaci\u00f3n educativa que permite que estudiantes de la UPO realicen pr\u00e1cticas curriculares externas de naturaleza formativa en dicha instituci\u00f3n<\/strong>.<\/p>\n<p>Tras un a\u00f1o de colaboraci\u00f3n durante el que algunos estudiantes de la UPO han desarrollado las pr\u00e1cticas en este \u00f3rgano consultivo del Gobierno de la Comunidad Aut\u00f3noma en materia econ\u00f3mica y social, este convenio de pr\u00e1cticas permitir\u00e1 a los alumnos aplicar y complementar los conocimientos adquiridos en su formaci\u00f3n acad\u00e9mica, favoreciendo la adquisici\u00f3n de competencias que les preparen para el ejercicio de sus actividades profesionales, faciliten su empleabilidad y fomenten su capacidad de emprendimiento.<\/p>\n<p>Estas pr\u00e1cticas curriculares en el Consejo Econ\u00f3mico y Social de Andaluc\u00eda<strong> ser\u00e1n tramitadas a trav\u00e9s de la Fundaci\u00f3n Universidad Pablo de Olavide<\/strong>, entidad que tiene la encomienda de la Universidad para gestionar las pr\u00e1cticas formativas de los alumnos.<\/p>\n<p><strong>El alumnado que har\u00e1 las pr\u00e1cticas ser\u00e1 propuesto por la Universidad, mientras que la CES se encargar\u00e1 de decidir la labor que desarrollar\u00e1 dentro de un plan de trabajo<\/strong>. Para ello, la UPO nombrar\u00e1 a un tutor para cada estudiante, que se encargar\u00e1 de supervisar y evaluar las pr\u00e1cticas, a trav\u00e9s de un informe que emitir\u00e1 a su finalizaci\u00f3n. Igualmente, el Consejo Econ\u00f3mico y Social de Andaluc\u00eda designar\u00e1 tambi\u00e9n a un tutor que programar\u00e1 la actividad del alumnado y contribuir\u00e1 a aportar los conocimientos pr\u00e1cticos para enriquecer la formaci\u00f3n de los alumnos.<\/p>\n<p>&nbsp;<\/p>\n","protected":false},"excerpt":{"rendered":"<p>El rector de la Universidad Pablo de Olavide, Vicente Guzm\u00e1n Fluja, y el presidente del Consejo Econ\u00f3mico y Social de Andaluc\u00eda (CES), \u00c1ngel Gallego Morales, han renovado el convenio de cooperaci\u00f3n educativa que permite que estudiantes de la UPO realicen pr\u00e1cticas curriculares externas de naturaleza formativa en dicha instituci\u00f3n.<\/p>\n","protected":false},"author":6,"featured_media":0,"comment_status":"closed","ping_status":"open","sticky":false,"template":"","format":"standard","meta":{"_monsterinsights_skip_tracking":false,"_monsterinsights_sitenote_active":false,"_monsterinsights_sitenote_note":"","_monsterinsights_sitenote_category":0,"footnotes":""},"categories":[6],"tags":[190,981,326,2474,47,65,38,106],"class_list":["post-10631981","post","type-post","status-publish","format-standard","hentry","category-institucional","tag-andalucia","tag-ces","tag-convenio","tag-fundacion-universidad-pablo-de-olavide","tag-fundaciones","tag-practicas","tag-rector","tag-vicente-c-guzman"],"_links":{"self":[{"href":"https:\/\/www.upo.es\/diario\/wp-json\/wp\/v2\/posts\/10631981","targetHints":{"allow":["GET"]}}],"collection":[{"href":"https:\/\/www.upo.es\/diario\/wp-json\/wp\/v2\/posts"}],"about":[{"href":"https:\/\/www.upo.es\/diario\/wp-json\/wp\/v2\/types\/post"}],"author":[{"embeddable":true,"href":"https:\/\/www.upo.es\/diario\/wp-json\/wp\/v2\/users\/6"}],"replies":[{"embeddable":true,"href":"https:\/\/www.upo.es\/diario\/wp-json\/wp\/v2\/comments?post=10631981"}],"version-history":[{"count":6,"href":"https:\/\/www.upo.es\/diario\/wp-json\/wp\/v2\/posts\/10631981\/revisions"}],"predecessor-version":[{"id":10681437,"href":"https:\/\/www.upo.es\/diario\/wp-json\/wp\/v2\/posts\/10631981\/revisions\/10681437"}],"wp:attachment":[{"href":"https:\/\/www.upo.es\/diario\/wp-json\/wp\/v2\/media?parent=10631981"}],"wp:term":[{"taxonomy":"category","embeddable":true,"href":"https:\/\/www.upo.es\/diario\/wp-json\/wp\/v2\/categories?post=10631981"},{"taxonomy":"post_tag","embeddable":true,"href":"https:\/\/www.upo.es\/diario\/wp-json\/wp\/v2\/tags?post=10631981"}],"curies":[{"name":"wp","href":"https:\/\/api.w.org\/{rel}","templated":true}]}}