{"id":1065212,"date":"2013-06-24T06:00:02","date_gmt":"2013-06-24T06:00:02","guid":{"rendered":"https:\/\/www.upo.es\/diario\/?p=1065212"},"modified":"2013-06-24T07:54:31","modified_gmt":"2013-06-24T07:54:31","slug":"el-rector-de-la-upo-inaugura-el-lunes-el-congreso-internacional-la-gestion-en-una-economia-global","status":"publish","type":"post","link":"https:\/\/www.upo.es\/diario\/institucional\/2013\/06\/el-rector-de-la-upo-inaugura-el-lunes-el-congreso-internacional-la-gestion-en-una-economia-global\/","title":{"rendered":"El rector de la UPO ha inaugurado hoy lunes el Congreso Internacional \u201cLa gesti\u00f3n en una econom\u00eda global\u201d"},"content":{"rendered":"<figure id=\"attachment_1080635\" aria-describedby=\"caption-attachment-1080635\" style=\"width: 320px\" class=\"wp-caption alignright\"><a href=\"https:\/\/www.upo.es\/diario\/wp-content\/uploads\/2013\/06\/congreso_empresa1.jpg\"><img loading=\"lazy\" decoding=\"async\" class=\"size-medium wp-image-1080635\" alt=\"El rector de la UPO ha inaugurado el Congreso Internacional \u201cLa gesti\u00f3n en una econom\u00eda global\u201d\" src=\"https:\/\/www.upo.es\/diario\/wp-content\/uploads\/2013\/06\/congreso_empresa1-320x161.jpg\" width=\"320\" height=\"161\" srcset=\"https:\/\/www.upo.es\/diario\/wp-content\/uploads\/2013\/06\/congreso_empresa1-320x161.jpg 320w, https:\/\/www.upo.es\/diario\/wp-content\/uploads\/2013\/06\/congreso_empresa1-1024x516.jpg 1024w, https:\/\/www.upo.es\/diario\/wp-content\/uploads\/2013\/06\/congreso_empresa1-600x302.jpg 600w\" sizes=\"auto, (max-width: 320px) 100vw, 320px\" \/><\/a><figcaption id=\"caption-attachment-1080635\" class=\"wp-caption-text\">El rector de la UPO ha inaugurado el Congreso Internacional \u201cLa gesti\u00f3n en una econom\u00eda global\u201d<\/figcaption><\/figure>\n<p>Hoy lunes 24 de junio, a las 9.00 horas en la sala de grados del edificio 7 de la Universidad Pablo de Olavide, el rector de la UPO, Vicente Guzm\u00e1n Fluja,ha inaugurado el congreso <a href=\"http:\/\/eamiconference.org\/\">\u201cLa gesti\u00f3n en una econom\u00eda global. Colaboraci\u00f3n, aprendizaje y descubrimiento\u201d<\/a>, un encuentro que reunir\u00e1 en la Olavide a destacados expertos en gesti\u00f3n de empresas hasta el jueves 27 de junio. El rector ha estado acompa\u00f1ado por los profesores Ram\u00f3n Valle Cabrera y Ana P\u00e9rez-Lu\u00f1o Robledo, del Departamento de Organizaci\u00f3n de Empresas y Marketing de esta universidad y organizadores de este encuentro.<\/p>\n<p>Tras la inauguraci\u00f3n, el catedr\u00e1tico de Fundamentos de An\u00e1lisis Econ\u00f3mico de la UPO Antonio Villar, impartir\u00e1 la conferencia inaugural \u201cDesarrollo humano y pobreza en Espa\u00f1a. El impacto de la crisis\u201d.<\/p>\n<p>El congreso \u201cLa gesti\u00f3n en una econom\u00eda global\u201d (\u201cEastern Academy of Management Conference\u201d) es un congreso internacional bianual que convoca a m\u00e1s de 200 profesores de universidades procedentes de 21 pa\u00edses, pertenecientes al \u00e1rea de investigaci\u00f3n de Direcci\u00f3n de Empresas. Junto a las actividades de presentaci\u00f3n de trabajos acad\u00e9micos, el congreso organiza otros actos de relevancia como conferencias impartidas por personalidades del mundo de la pol\u00edtica, dirigentes de empresas y de universidades de prestigio. El lema de esta edici\u00f3n, \u201cColaboraci\u00f3n, Aprendizaje y Descubrimiento\u201d, resalta la importancia de la colaboraci\u00f3n entre las naciones, las industrias, las instituciones acad\u00e9micas y las empresas, cruciales para la supervivencia competitiva. Se abordar\u00e1n distintos puntos de vista sobre los factores econ\u00f3micos, culturales, tecnol\u00f3gicos, de sostenibilidad y \u00e9tica que afectan a los gerentes globales.<\/p>\n<figure id=\"attachment_1080636\" aria-describedby=\"caption-attachment-1080636\" style=\"width: 320px\" class=\"wp-caption alignright\"><a href=\"https:\/\/www.upo.es\/diario\/wp-content\/uploads\/2013\/06\/congreso_empresa.jpg\"><img loading=\"lazy\" decoding=\"async\" class=\"size-medium wp-image-1080636\" alt=\"Congreso Internacional \u201cLa gesti\u00f3n en una econom\u00eda global\u201d\" src=\"https:\/\/www.upo.es\/diario\/wp-content\/uploads\/2013\/06\/congreso_empresa-320x194.jpg\" width=\"320\" height=\"194\" srcset=\"https:\/\/www.upo.es\/diario\/wp-content\/uploads\/2013\/06\/congreso_empresa-320x194.jpg 320w, https:\/\/www.upo.es\/diario\/wp-content\/uploads\/2013\/06\/congreso_empresa-1024x623.jpg 1024w, https:\/\/www.upo.es\/diario\/wp-content\/uploads\/2013\/06\/congreso_empresa-600x365.jpg 600w\" sizes=\"auto, (max-width: 320px) 100vw, 320px\" \/><\/a><figcaption id=\"caption-attachment-1080636\" class=\"wp-caption-text\">Congreso Internacional \u201cLa gesti\u00f3n en una econom\u00eda global\u201d<\/figcaption><\/figure>\n<p>As\u00ed, este congreso contar\u00e1 con las intervenciones de representantes del mundo de la empresa como Jos\u00e9 Carlos Aranaz, director de Proyectos de COSENTINO, S.A; Jos\u00e9 Luis Arroyo, director de Estrategia y Desarrollo de Abengoa; Javier Pardo, director comercial de NH Hoteles para Espa\u00f1a, Portugal y Andorra; y profesores como Chris Shook (Auburn University, EE.UU.), editor del Journal of Management, y Chet Miller (Houston University, EE.UU.)<\/p>\n<p>La <a href=\"http:\/\/eaom.org\/\">Eastern Academy of Management<\/a> es una organizaci\u00f3n que depende de la <a href=\"http:\/\/aom.org\/\">American Academy of Management<\/a>, primera asociaci\u00f3n de profesores e investigadores en el campo de la Direcci\u00f3n de Empresas, cuyo objetivo es fomentar el intercambio de conocimientos mediante la presentaci\u00f3n de trabajos de investigaci\u00f3n.<\/p>\n<p>El congreso \u201cLa Gesti\u00f3n en una Econom\u00eda Global. Colaboraci\u00f3n, Aprendizaje y Descubrimiento\u201d est\u00e1 organizado por los profesores Ram\u00f3n Valle Cabrera y Ana P\u00e9rez-Lu\u00f1o Robledo, del Departamento de Organizaci\u00f3n de Empresas y Marketing de la UPO, y cuenta con el patrocinio de la Universidad Pablo de Olavide junto a Eastern Academy of Management y <a href=\"http:\/\/southernmanagement.org\/\">Southern Management Association<\/a>.<\/p>\n<p><b>\u00a0<\/b><\/p>\n","protected":false},"excerpt":{"rendered":"<p>Hoy lunes 24 de junio, a las 9.00 horas en la sala de grados del edificio 7 de la Universidad Pablo de Olavide, el rector de la UPO, Vicente Guzm\u00e1n Fluja, ha inaugurado el congreso \u201cLa gesti\u00f3n en una econom\u00eda global. Colaboraci\u00f3n, aprendizaje y descubrimiento\u201d, un encuentro que reunir\u00e1 en la Olavide a destacados expertos en gesti\u00f3n de empresas hasta el jueves 27 de junio. El rector ha estado acompa\u00f1ado por los profesores Ram\u00f3n Valle Cabrera y Ana P\u00e9rez-Lu\u00f1o Robledo, del Departamento de Organizaci\u00f3n de Empresas y Marketing de esta universidad y organizadores de este encuentro.<\/p>\n","protected":false},"author":6,"featured_media":0,"comment_status":"closed","ping_status":"open","sticky":false,"template":"","format":"standard","meta":{"_monsterinsights_skip_tracking":false,"_monsterinsights_sitenote_active":false,"_monsterinsights_sitenote_note":"","_monsterinsights_sitenote_category":0,"footnotes":""},"categories":[6],"tags":[607,576,354,144,63,66,445,39],"class_list":["post-1065212","post","type-post","status-publish","format-standard","hentry","category-institucional","tag-administracion-y-direccion-de-empresas","tag-antonio-villar","tag-congreso","tag-crisis","tag-economia","tag-empresa","tag-marketing","tag-universidades"],"_links":{"self":[{"href":"https:\/\/www.upo.es\/diario\/wp-json\/wp\/v2\/posts\/1065212","targetHints":{"allow":["GET"]}}],"collection":[{"href":"https:\/\/www.upo.es\/diario\/wp-json\/wp\/v2\/posts"}],"about":[{"href":"https:\/\/www.upo.es\/diario\/wp-json\/wp\/v2\/types\/post"}],"author":[{"embeddable":true,"href":"https:\/\/www.upo.es\/diario\/wp-json\/wp\/v2\/users\/6"}],"replies":[{"embeddable":true,"href":"https:\/\/www.upo.es\/diario\/wp-json\/wp\/v2\/comments?post=1065212"}],"version-history":[{"count":7,"href":"https:\/\/www.upo.es\/diario\/wp-json\/wp\/v2\/posts\/1065212\/revisions"}],"predecessor-version":[{"id":1080640,"href":"https:\/\/www.upo.es\/diario\/wp-json\/wp\/v2\/posts\/1065212\/revisions\/1080640"}],"wp:attachment":[{"href":"https:\/\/www.upo.es\/diario\/wp-json\/wp\/v2\/media?parent=1065212"}],"wp:term":[{"taxonomy":"category","embeddable":true,"href":"https:\/\/www.upo.es\/diario\/wp-json\/wp\/v2\/categories?post=1065212"},{"taxonomy":"post_tag","embeddable":true,"href":"https:\/\/www.upo.es\/diario\/wp-json\/wp\/v2\/tags?post=1065212"}],"curies":[{"name":"wp","href":"https:\/\/api.w.org\/{rel}","templated":true}]}}