{"id":10655939,"date":"2015-09-28T00:57:03","date_gmt":"2015-09-28T00:57:03","guid":{"rendered":"https:\/\/www.upo.es\/diario\/?p=10655939"},"modified":"2015-09-30T06:48:14","modified_gmt":"2015-09-30T06:48:14","slug":"el-ceupo-organiza-manana-martes-la-asamblea-a-quien-le-importa-la-educacion","status":"publish","type":"post","link":"https:\/\/www.upo.es\/diario\/institucional\/2015\/09\/el-ceupo-organiza-manana-martes-la-asamblea-a-quien-le-importa-la-educacion\/","title":{"rendered":"El CEUPO organiza ma\u00f1ana martes la asamblea \u00ab\u00bfA qui\u00e9n le importa la educaci\u00f3n?\u00bb"},"content":{"rendered":"<div>\n<p><span style=\"text-decoration: underline;\"><a href=\"https:\/\/www.upo.es\/diario\/wp-content\/uploads\/2015\/09\/cartel_asambleaCeupo.jpg\"><img loading=\"lazy\" decoding=\"async\" class=\"size-medium wp-image-10655940 alignright\" alt=\"cartel_asambleaCeupo\" src=\"https:\/\/www.upo.es\/diario\/wp-content\/uploads\/2015\/09\/cartel_asambleaCeupo-320x226.jpg\" width=\"320\" height=\"226\" srcset=\"https:\/\/www.upo.es\/diario\/wp-content\/uploads\/2015\/09\/cartel_asambleaCeupo-320x226.jpg 320w, https:\/\/www.upo.es\/diario\/wp-content\/uploads\/2015\/09\/cartel_asambleaCeupo-600x424.jpg 600w\" sizes=\"auto, (max-width: 320px) 100vw, 320px\" \/><\/a>Ma\u00f1ana martes 29 de septiembre, a las 12:00 horas en la sala de grados del edificio 7 de la Universidad Pablo de Olavide<\/span>, se celebrar\u00e1 la asamblea \u201c\u00bfA qui\u00e9n le importa la educaci\u00f3n?\u201d, organizada por el <a href=\"http:\/\/www.ceupo.org\/\">Consejo de Estudiantes de la UPO<\/a> (CEUPO).<\/p>\n<p>Esta asamblea busca ser un foro de debate abierto a estudiantes, personal docente e investigador, personal de servicios y todos aquellos que quieran participar, con el objetivo de dialogar sobre la educaci\u00f3n, plantear un grupo de trabajo de difusi\u00f3n y las actividades a realizar.<\/p>\n<p>Las propuestas que surjan se presentar\u00e1n en el pr\u00f3ximo encuentro de la Asamblea Estatal de Representantes de Estudiantes (AERE), desde donde se coordina la campa\u00f1a que da nombre a esta asamblea.<\/p>\n<\/div>\n<div><\/div>\n","protected":false},"excerpt":{"rendered":"<p>Esta asamblea busca ser un foro de debate abierto a estudiantes, personal docente e investigador, personal de servicios y todos aquellos que quieran participar, con el objetivo de dialogar sobre la educaci\u00f3n, plantear un grupo de trabajo de difusi\u00f3n y las actividades a realizar.<\/p>\n","protected":false},"author":2,"featured_media":0,"comment_status":"closed","ping_status":"open","sticky":false,"template":"","format":"standard","meta":{"_monsterinsights_skip_tracking":false,"_monsterinsights_sitenote_active":false,"_monsterinsights_sitenote_note":"","_monsterinsights_sitenote_category":0,"footnotes":""},"categories":[6],"tags":[2626,100,662,465,1436],"class_list":["post-10655939","post","type-post","status-publish","format-standard","hentry","category-institucional","tag-asamblea","tag-ceupo","tag-debate","tag-educacion","tag-foro"],"_links":{"self":[{"href":"https:\/\/www.upo.es\/diario\/wp-json\/wp\/v2\/posts\/10655939","targetHints":{"allow":["GET"]}}],"collection":[{"href":"https:\/\/www.upo.es\/diario\/wp-json\/wp\/v2\/posts"}],"about":[{"href":"https:\/\/www.upo.es\/diario\/wp-json\/wp\/v2\/types\/post"}],"author":[{"embeddable":true,"href":"https:\/\/www.upo.es\/diario\/wp-json\/wp\/v2\/users\/2"}],"replies":[{"embeddable":true,"href":"https:\/\/www.upo.es\/diario\/wp-json\/wp\/v2\/comments?post=10655939"}],"version-history":[{"count":5,"href":"https:\/\/www.upo.es\/diario\/wp-json\/wp\/v2\/posts\/10655939\/revisions"}],"predecessor-version":[{"id":10671538,"href":"https:\/\/www.upo.es\/diario\/wp-json\/wp\/v2\/posts\/10655939\/revisions\/10671538"}],"wp:attachment":[{"href":"https:\/\/www.upo.es\/diario\/wp-json\/wp\/v2\/media?parent=10655939"}],"wp:term":[{"taxonomy":"category","embeddable":true,"href":"https:\/\/www.upo.es\/diario\/wp-json\/wp\/v2\/categories?post=10655939"},{"taxonomy":"post_tag","embeddable":true,"href":"https:\/\/www.upo.es\/diario\/wp-json\/wp\/v2\/tags?post=10655939"}],"curies":[{"name":"wp","href":"https:\/\/api.w.org\/{rel}","templated":true}]}}