{"id":10655943,"date":"2015-09-28T12:18:53","date_gmt":"2015-09-28T12:18:53","guid":{"rendered":"https:\/\/www.upo.es\/diario\/?p=10655943"},"modified":"2015-10-01T11:01:45","modified_gmt":"2015-10-01T11:01:45","slug":"mas-de-15-000-personas-asistieron-el-pasado-viernes-a-la-noche-europea-de-los-investigadores-en-sevilla","status":"publish","type":"post","link":"https:\/\/www.upo.es\/diario\/ciencia\/2015\/09\/mas-de-15-000-personas-asistieron-el-pasado-viernes-a-la-noche-europea-de-los-investigadores-en-sevilla\/","title":{"rendered":"M\u00e1s de 15.000 personas asistieron el pasado viernes a La Noche Europea de los Investigadores en Sevilla"},"content":{"rendered":"<figure id=\"attachment_10655944\" aria-describedby=\"caption-attachment-10655944\" style=\"width: 600px\" class=\"wp-caption aligncenter\"><a href=\"https:\/\/www.upo.es\/diario\/wp-content\/uploads\/2015\/09\/noche_investigadores.jpg\"><img loading=\"lazy\" decoding=\"async\" class=\"size-large wp-image-10655944\" alt=\"La Plaza Nueva de Sevilla fue el escenario de las actividades celebradas con motivo de la Noche Europea de los Investigadores.\" src=\"https:\/\/www.upo.es\/diario\/wp-content\/uploads\/2015\/09\/noche_investigadores-600x400.jpg\" width=\"600\" height=\"400\" srcset=\"https:\/\/www.upo.es\/diario\/wp-content\/uploads\/2015\/09\/noche_investigadores-600x400.jpg 600w, https:\/\/www.upo.es\/diario\/wp-content\/uploads\/2015\/09\/noche_investigadores-320x213.jpg 320w, https:\/\/www.upo.es\/diario\/wp-content\/uploads\/2015\/09\/noche_investigadores.jpg 1200w\" sizes=\"auto, (max-width: 600px) 100vw, 600px\" \/><\/a><figcaption id=\"caption-attachment-10655944\" class=\"wp-caption-text\">La Plaza Nueva de Sevilla fue el escenario de las actividades celebradas con motivo de la Noche Europea de los Investigadores.<\/figcaption><\/figure>\n<p>Con el lema \u201cMujeres y hombres que hacen ciencia para ti\u201d, la c\u00e9ntrica Plaza Nueva de Sevilla fue el escenario el pasado viernes de las actividades celebradas con motivo de la<a href=\"https:\/\/lanochedelosinvestigadores.fundaciondescubre.es\/portada\/\"> Noche Europea de los Investigadores<\/a>, un evento en el que m\u00e1s de 15.000 personas pudieron conocer de primera mano la investigaci\u00f3n cient\u00edfica que se desarrolla en su ciudad.<\/p>\n<p>As\u00ed, m\u00e1s de un centenar de investigadores y 46 actividades protagonizaron la edici\u00f3n sevillana de este encuentro europeo promovido por la Comisi\u00f3n Europea y coordinado en Andaluc\u00eda por la <a href=\"https:\/\/fundaciondescubre.es\/\">Fundaci\u00f3n Descubre<\/a>. De esta manera, investigadores del <a href=\"http:\/\/www.csic.es\/\">Consejo Superior de Investigaciones Cient\u00edficas<\/a> (CSIC) y de las <a href=\"http:\/\/www.us.es\/\">Universidades de Sevilla<\/a> y <a href=\"https:\/\/www.upo.es\/portal\/impe\/web\/portada\">Pablo de Olavide<\/a>, procedentes de todas las \u00e1reas del conocimiento, llevaron a cabo talleres, microencuentros y espect\u00e1culos dise\u00f1ados para buscar la diversi\u00f3n y el lenguaje divulgativo.<\/p>\n<p>La m\u00fasica acompa\u00f1\u00f3 a los talleres en los que, entre otras muchas experiencias, los visitantes pudieron\u00a0 extraer su ADN, aprender c\u00f3mo protegerse del sol, \u00a0viajar al interior de un microchip o fabricar su propio coche de F\u00f3rmula 1.<\/p>\n<figure id=\"attachment_10655945\" aria-describedby=\"caption-attachment-10655945\" style=\"width: 320px\" class=\"wp-caption alignleft\"><a href=\"https:\/\/www.upo.es\/diario\/wp-content\/uploads\/2015\/09\/noche_investigadores1.jpg\"><img loading=\"lazy\" decoding=\"async\" class=\"size-medium wp-image-10655945\" alt=\"En la imagen, de izquierda a derecha, el coordinador del CSIC Andaluc\u00eda, Miguel Ferrer; el director del IPTS de la Comisi\u00f3n Europea, John Bensted-Smith; el rector de la Universidad de Sevilla, Miguel \u00c1ngel Castro; el rector de la UPO, Vicente Guzm\u00e1n; el concejal del Ayuntamiento de Sevilla Juan Manuel Flores, y la delegada territorial de la Consejer\u00eda de Econom\u00eda y Conocimiento en Sevilla, Susana L\u00f3pez. \" src=\"https:\/\/www.upo.es\/diario\/wp-content\/uploads\/2015\/09\/noche_investigadores1-320x211.jpg\" width=\"320\" height=\"211\" srcset=\"https:\/\/www.upo.es\/diario\/wp-content\/uploads\/2015\/09\/noche_investigadores1-320x211.jpg 320w, https:\/\/www.upo.es\/diario\/wp-content\/uploads\/2015\/09\/noche_investigadores1-600x396.jpg 600w, https:\/\/www.upo.es\/diario\/wp-content\/uploads\/2015\/09\/noche_investigadores1.jpg 640w\" sizes=\"auto, (max-width: 320px) 100vw, 320px\" \/><\/a><figcaption id=\"caption-attachment-10655945\" class=\"wp-caption-text\">En la imagen, de izquierda a derecha, el coordinador del CSIC Andaluc\u00eda, Miguel Ferrer; el director del IPTS de la Comisi\u00f3n Europea, John Bensted-Smith; el rector de la Universidad de Sevilla, Miguel \u00c1ngel Castro; el rector de la UPO, Vicente Guzm\u00e1n; el concejal del Ayuntamiento de Sevilla Juan Manuel Flores, y la delegada territorial de la Consejer\u00eda de Econom\u00eda y Conocimiento en Sevilla, Susana L\u00f3pez.<\/figcaption><\/figure>\n<p>Los microencuentros, por su parte, permitieron un contacto m\u00e1s sosegado. En ellos, los asistentes, reunidos en grupos, pudieron descubrir el lado m\u00e1s humano de la investigaci\u00f3n a trav\u00e9s de un contacto directo y de la conversaci\u00f3n con los propios expertos. En cada uno de los encuentros, un total de 30, los participantes pudieron plantear todas las dudas y preguntas acerca temas como la relaci\u00f3n entre la luz, los alimentos y el color, si dormir mejor permite mejorar la memoria, o las ventajas de un envejecimiento activo para tener una mayor calidad de vida.<\/p>\n<p>El \u00e1rea de Salud del Ayuntamiento de Sevilla organiz\u00f3 dos talleres, uno de brochetas de frutas para fomentar la alimentaci\u00f3n saludable y otra de marionetas fabricadas con alimentos, y el circuito \u201cMantel te sano\u201d. Tambi\u00e9n se realizaron visitas guiadas al Ayuntamiento, a las plazas de Sevilla o al casco hist\u00f3rico de la ciudad.<\/p>\n<p>La jornada finaliz\u00f3 con un mon\u00f3logo cient\u00edfico y tres actuaciones musicales en las que participaron investigadores del CSIC y las dos universidades sevillanas.<\/p>\n<p><b>Actividad consolidada<\/b><\/p>\n<p>Con respecto a la anterior edici\u00f3n, La Noche ha consolidado su crecimiento como cita imprescindible en Sevilla. En lo que respecta a la implicaci\u00f3n de los investigadores, su participaci\u00f3n ha aumentado desde los 70 del pasado a\u00f1o a los 177 del presente, mientras que las personas que han estado implicadas en la organizaci\u00f3n han pasado de 45 en el 2014 a 78 en el 2015. La participaci\u00f3n de la ciudadan\u00eda tambi\u00e9n ha respaldado la actividad, de modo que la celebraci\u00f3n ha atra\u00eddo el inter\u00e9s de m\u00e1s de 15.000 personas. Por su parte, por primera vez este a\u00f1o se ha puesto en funcionamiento una aplicaci\u00f3n m\u00f3vil (ERN 15 Sevilla) que ha sido descargada por 167\u00a0 personas, quienes han podido consultar todos los detalles de este acontecimiento.<\/p>\n<p><b>Proyecci\u00f3n europea<\/b><\/p>\n<p>La Noche de los Investigadores es un proyecto europeo de divulgaci\u00f3n cient\u00edfica promovido por la Comisi\u00f3n Europea dentro de las acciones Marie Sklodowska-Curie del programa Horizonte 2020, que tiene lugar simult\u00e1neamente en m\u00e1s de 350 ciudades de 29 pa\u00edses europeos desde 2005.<\/p>\n<p>Coordinada en Andaluc\u00eda por la Fundaci\u00f3n Descubre, en Sevilla ha sido organizada por el Consejo Superior de Investigaciones Cient\u00edficas (CSIC) y las Universidades de Sevilla y Pablo de Olavide, con la colaboraci\u00f3n de la Consejer\u00eda de Econom\u00eda y Conocimiento de la Junta de Andaluc\u00eda, el \u00c1rea de Salud del Ayuntamiento de Sevilla, el Distrito Casco Antiguo, Kometasoft, Tussam, RTVA, Emasesa y la Federaci\u00f3n Andaluza de Mujeres Gitanas (Fakali).<\/p>\n","protected":false},"excerpt":{"rendered":"<p>Con el lema \u201cMujeres y hombres que hacen ciencia para ti\u201d, la c\u00e9ntrica Plaza Nueva de Sevilla fue el escenario el pasado viernes de las actividades celebradas con motivo de la Noche Europea de los Investigadores, un evento en el que m\u00e1s de 15.000 personas pudieron conocer de primera mano la investigaci\u00f3n cient\u00edfica que se desarrolla en su ciudad.<\/p>\n","protected":false},"author":2,"featured_media":0,"comment_status":"closed","ping_status":"open","sticky":false,"template":"","format":"standard","meta":{"_monsterinsights_skip_tracking":false,"_monsterinsights_sitenote_active":false,"_monsterinsights_sitenote_note":"","_monsterinsights_sitenote_category":0,"footnotes":""},"categories":[3],"tags":[621,5833,45,970,1411,47,734,83,161,39],"class_list":["post-10655943","post","type-post","status-publish","format-standard","hentry","category-ciencia","tag-ayuntamiento-de-sevilla","tag-ciencia","tag-csic","tag-divulgacion","tag-fundacion-descubre","tag-fundaciones","tag-investigadores","tag-otri","tag-sevilla","tag-universidades"],"_links":{"self":[{"href":"https:\/\/www.upo.es\/diario\/wp-json\/wp\/v2\/posts\/10655943","targetHints":{"allow":["GET"]}}],"collection":[{"href":"https:\/\/www.upo.es\/diario\/wp-json\/wp\/v2\/posts"}],"about":[{"href":"https:\/\/www.upo.es\/diario\/wp-json\/wp\/v2\/types\/post"}],"author":[{"embeddable":true,"href":"https:\/\/www.upo.es\/diario\/wp-json\/wp\/v2\/users\/2"}],"replies":[{"embeddable":true,"href":"https:\/\/www.upo.es\/diario\/wp-json\/wp\/v2\/comments?post=10655943"}],"version-history":[{"count":3,"href":"https:\/\/www.upo.es\/diario\/wp-json\/wp\/v2\/posts\/10655943\/revisions"}],"predecessor-version":[{"id":10681436,"href":"https:\/\/www.upo.es\/diario\/wp-json\/wp\/v2\/posts\/10655943\/revisions\/10681436"}],"wp:attachment":[{"href":"https:\/\/www.upo.es\/diario\/wp-json\/wp\/v2\/media?parent=10655943"}],"wp:term":[{"taxonomy":"category","embeddable":true,"href":"https:\/\/www.upo.es\/diario\/wp-json\/wp\/v2\/categories?post=10655943"},{"taxonomy":"post_tag","embeddable":true,"href":"https:\/\/www.upo.es\/diario\/wp-json\/wp\/v2\/tags?post=10655943"}],"curies":[{"name":"wp","href":"https:\/\/api.w.org\/{rel}","templated":true}]}}