{"id":10656292,"date":"2015-09-28T13:07:07","date_gmt":"2015-09-28T13:07:07","guid":{"rendered":"https:\/\/www.upo.es\/diario\/?p=10656292"},"modified":"2015-09-28T13:07:07","modified_gmt":"2015-09-28T13:07:07","slug":"sobresaliente-cum-laude-para-la-tesis-adolescencia-y-violencia-desde-el-trabajo-social-un-estudio-etnografico","status":"publish","type":"post","link":"https:\/\/www.upo.es\/diario\/tesis\/2015\/09\/sobresaliente-cum-laude-para-la-tesis-adolescencia-y-violencia-desde-el-trabajo-social-un-estudio-etnografico\/","title":{"rendered":"Sobresaliente Cum Laude para la tesis \u201cAdolescencia y violencia desde el Trabajo Social: un estudio etnogr\u00e1fico\u201d"},"content":{"rendered":"<p>El pasado viernes tuvo lugar en la sala de tesis del edificio 6 la defensa p\u00fablica de la tesis doctoral titulada \u201cAdolescencia y violencia desde el Trabajo Social: un estudio etnogr\u00e1fico\u201d, de la que es autor Rafael G\u00f3mez Del Toro. Esta tesis doctoral, dirigida por los profesores Bel\u00e9n Mart\u00ednez Ferrer, Cristian Su\u00e1rez Relinque y Rosa Varela Garay, de la Universidad Pablo de Olavide, ha obtenido la calificaci\u00f3n de Sobresaliente Cum Laude.<\/p>\n","protected":false},"excerpt":{"rendered":"<p>El pasado viernes tuvo lugar en la sala de tesis del edificio 6 la defensa p\u00fablica de la tesis doctoral titulada \u201cAdolescencia y violencia desde el Trabajo Social: un estudio etnogr\u00e1fico\u201d, de la que es autor Rafael G\u00f3mez Del Toro. Esta tesis doctoral, dirigida por los profesores Bel\u00e9n Mart\u00ednez Ferrer, Cristian Su\u00e1rez Relinque y Rosa Varela Garay, de la Universidad Pablo de Olavide, ha obtenido la calificaci\u00f3n de Sobresaliente Cum Laude.<\/p>\n","protected":false},"author":5,"featured_media":0,"comment_status":"closed","ping_status":"open","sticky":false,"template":"","format":"standard","meta":{"_monsterinsights_skip_tracking":false,"_monsterinsights_sitenote_active":false,"_monsterinsights_sitenote_note":"","_monsterinsights_sitenote_category":0,"footnotes":""},"categories":[119],"tags":[1141,5836,103,143],"class_list":["post-10656292","post","type-post","status-publish","format-standard","hentry","category-tesis","tag-adolescencia","tag-tesis","tag-trabajo-social","tag-violencia"],"_links":{"self":[{"href":"https:\/\/www.upo.es\/diario\/wp-json\/wp\/v2\/posts\/10656292","targetHints":{"allow":["GET"]}}],"collection":[{"href":"https:\/\/www.upo.es\/diario\/wp-json\/wp\/v2\/posts"}],"about":[{"href":"https:\/\/www.upo.es\/diario\/wp-json\/wp\/v2\/types\/post"}],"author":[{"embeddable":true,"href":"https:\/\/www.upo.es\/diario\/wp-json\/wp\/v2\/users\/5"}],"replies":[{"embeddable":true,"href":"https:\/\/www.upo.es\/diario\/wp-json\/wp\/v2\/comments?post=10656292"}],"version-history":[{"count":1,"href":"https:\/\/www.upo.es\/diario\/wp-json\/wp\/v2\/posts\/10656292\/revisions"}],"predecessor-version":[{"id":10656293,"href":"https:\/\/www.upo.es\/diario\/wp-json\/wp\/v2\/posts\/10656292\/revisions\/10656293"}],"wp:attachment":[{"href":"https:\/\/www.upo.es\/diario\/wp-json\/wp\/v2\/media?parent=10656292"}],"wp:term":[{"taxonomy":"category","embeddable":true,"href":"https:\/\/www.upo.es\/diario\/wp-json\/wp\/v2\/categories?post=10656292"},{"taxonomy":"post_tag","embeddable":true,"href":"https:\/\/www.upo.es\/diario\/wp-json\/wp\/v2\/tags?post=10656292"}],"curies":[{"name":"wp","href":"https:\/\/api.w.org\/{rel}","templated":true}]}}