{"id":10664405,"date":"2015-09-29T04:10:00","date_gmt":"2015-09-29T04:10:00","guid":{"rendered":"https:\/\/www.upo.es\/diario\/?p=10664405"},"modified":"2015-09-30T11:06:35","modified_gmt":"2015-09-30T11:06:35","slug":"artistas-y-educadores-se-reunen-en-la-upo-en-el-ii-encuentro-mil-formas-de-mirar-y-hacer","status":"publish","type":"post","link":"https:\/\/www.upo.es\/diario\/cultura\/2015\/09\/artistas-y-educadores-se-reunen-en-la-upo-en-el-ii-encuentro-mil-formas-de-mirar-y-hacer\/","title":{"rendered":"Artistas y educadores se re\u00fanen en la UPO en el \u00abII Encuentro Mil formas de mirar y hacer\u00bb"},"content":{"rendered":"<p><a href=\"https:\/\/www.upo.es\/diario\/wp-content\/uploads\/2015\/09\/cartel_encuentro_arteyeducacion.jpg\"><img loading=\"lazy\" decoding=\"async\" class=\"alignright size-medium wp-image-10664406\" alt=\"cartel_encuentro_arteyeducacion\" src=\"https:\/\/www.upo.es\/diario\/wp-content\/uploads\/2015\/09\/cartel_encuentro_arteyeducacion-320x207.jpg\" width=\"320\" height=\"207\" srcset=\"https:\/\/www.upo.es\/diario\/wp-content\/uploads\/2015\/09\/cartel_encuentro_arteyeducacion-320x207.jpg 320w, https:\/\/www.upo.es\/diario\/wp-content\/uploads\/2015\/09\/cartel_encuentro_arteyeducacion-600x389.jpg 600w\" sizes=\"auto, (max-width: 320px) 100vw, 320px\" \/><\/a>Ma\u00f1ana mi\u00e9rcoles 30 de septiembre, a las 10:00 horas en la sala de lectura de tesis del Edificio 45 de la Universidad Pablo de Olavide, dar\u00e1 comienzo el <b><a href=\"http:\/\/www.upo.es\/upsc\/export\/sites\/upsc\/Documentos\/extension\/Documentos\/Programa._II_ENCUENTRO_MIL_FORMAS_DE_MIRAR_Y_HACER-2.pdf\">\u201cII Encuentro Mil formas de mirar y hacer. Artes y Educaci\u00f3n\u201d<\/a><\/b>, que ser\u00e1 inaugurado por el rector de la UPO Vicente Guzm\u00e1n Fluja; Dolores Ferre Cano, directora general de Universidades, Investigaci\u00f3n y Tecnolog\u00eda de la Consejer\u00eda de Econom\u00eda y Conocimiento de la Junta de Andaluc\u00eda, y Elodia Hern\u00e1ndez Le\u00f3n, vicerrectora de Estudiantes, Cultura y Compromiso Social de la UPO.<\/p>\n<p>Educadores y artistas nacionales e internacionales se re\u00fanen as\u00ed ma\u00f1ana mi\u00e9rcoles y el jueves en este espacio para la reflexi\u00f3n y la pr\u00e1ctica sobre conceptos como arte y sociedad, cultura, responsabilidad social universitaria, y arte y educaci\u00f3n. De esta manera, a trav\u00e9s de conferencias, mesas de experiencias, muestras art\u00edsticas, danza, cine y debates, investigadores y creadores internacionales, como el soci\u00f3logo Fernando Vidal, la artista israel\u00ed Rinat Azhak, la bailarina Belle Alzamora o la artista puertorrique\u00f1a Marl\u00e8ne Ram\u00edrez-Cancio, compartir\u00e1n sus estudios y experiencias con la comunidad universitaria.<\/p>\n<p>El broche final de este encuentro lo pondr\u00e1 el concierto \u201cCantata Mater Lux\u201d, una pieza de Jes\u00fas Arias, con la direcci\u00f3n musical de Jorge Rodr\u00edguez Morata y direcci\u00f3n art\u00edstica de Miguel Rodr\u00edguez. Contar\u00e1 con la actuaci\u00f3n de la cantaora Sole\u00e1 Morente, entre otros m\u00fasicos de reconocido prestigio, y el Coro de la UPO. Se celebrar\u00e1 el jueves 1 de octubre a las 19:30 horas, en el sal\u00f3n de actos del Instituto de la Grasa del CSIC, en el campus de la UPO.<\/p>\n<p>El \u201cII Encuentro Mil formas de mirar y hacer: Artes y Educaci\u00f3n\u201d, organizado por el Vicerrectorado de Estudiantes, Cultura y Compromiso Social de la UPO, a trav\u00e9s del Servicio de Extensi\u00f3n Cultural, se enmarca en el Proyecto Atalaya, coordinado por la UPO \u201cArte y Compromiso. Experiencias para el Cambio Social\u201d, que cuenta con el apoyo y la financiaci\u00f3n de la\u00a0 Direcci\u00f3n General de Universidades de la Consejer\u00eda de Econom\u00eda y Conocimiento de la <a href=\"http:\/\/www.juntadeandalucia.es\/index.html\">Junta de Andaluc\u00eda.<\/a><\/p>\n<p><b>Taller de creaci\u00f3n de s\u00e1tira y parodia<\/b><\/p>\n<p>Por su parte, el viernes 2 de octubre, tambi\u00e9n en el marco del Proyecto Atalaya \u201cArte y Compromiso. Experiencias para el Cambio Social\u201d, comenzar\u00e1 el Taller de creaci\u00f3n de s\u00e1tira y parodia Hilari<i>ouch!<\/i>, que ser\u00e1 impartido por la artista puertorrique\u00f1a Marl\u00e8ne Ram\u00edrez-Cancio.<\/p>\n<p>En este taller de escritura y creaci\u00f3n los participantes buscar\u00e1n esos puntos de dolor\u2014de ouch!\u2014 y junt\u00e1ndolos con el humor, con lo hilarante, generar\u00e1n parodias cr\u00edticas que expongan lo nefasto, lo insoportable, lo rid\u00edculo de lo que les rodea. El objetivo ser\u00e1 trabajar en grupos para crear parodias de productos culturales existentes, como anuncios de televisi\u00f3n, informativos o canciones, para entonces criticar mediante la s\u00e1tira los asuntos de actualidad que los participantes quieran abordar.<\/p>\n<p>Marl\u00e8ne Ram\u00edrez-Cancio es una artista interdisciplinaria de Puerto Rico, co-fundadora y co-directora de Fulana, un colectivo de mujeres basado en la ciudad de Nueva York que trabaja la perfomance utilizando la parodia y la s\u00e1tira como herramienta cr\u00edtica. Es adem\u00e1s directora asociada de Artes y Multimedia del Instituto Hemisf\u00e9rico de Performance y Pol\u00edtica (Nueva York).<\/p>\n<p>El taller se impartir\u00e1 del 2 al 6 de octubre, en horario de 10:00 a 14:00 horas en el Espacio Cultural Antigua Guarder\u00eda de la UPO.<\/p>\n","protected":false},"excerpt":{"rendered":"<p>Educadores y artistas nacionales e internacionales se re\u00fanen ma\u00f1ana mi\u00e9rcoles y el jueves en este espacio para la reflexi\u00f3n y la pr\u00e1ctica sobre conceptos como arte y sociedad, cultura, responsabilidad social universitaria, y arte y educaci\u00f3n. <\/p>\n","protected":false},"author":2,"featured_media":0,"comment_status":"closed","ping_status":"open","sticky":false,"template":"","format":"standard","meta":{"_monsterinsights_skip_tracking":false,"_monsterinsights_sitenote_active":false,"_monsterinsights_sitenote_note":"","_monsterinsights_sitenote_category":0,"footnotes":""},"categories":[7],"tags":[265,249,2629,5834,465,821,203],"class_list":["post-10664405","post","type-post","status-publish","format-standard","hentry","category-cultura","tag-arte","tag-cambio-social","tag-compromiso","tag-cultura","tag-educacion","tag-encuentro","tag-junta-de-andalucia"],"_links":{"self":[{"href":"https:\/\/www.upo.es\/diario\/wp-json\/wp\/v2\/posts\/10664405","targetHints":{"allow":["GET"]}}],"collection":[{"href":"https:\/\/www.upo.es\/diario\/wp-json\/wp\/v2\/posts"}],"about":[{"href":"https:\/\/www.upo.es\/diario\/wp-json\/wp\/v2\/types\/post"}],"author":[{"embeddable":true,"href":"https:\/\/www.upo.es\/diario\/wp-json\/wp\/v2\/users\/2"}],"replies":[{"embeddable":true,"href":"https:\/\/www.upo.es\/diario\/wp-json\/wp\/v2\/comments?post=10664405"}],"version-history":[{"count":7,"href":"https:\/\/www.upo.es\/diario\/wp-json\/wp\/v2\/posts\/10664405\/revisions"}],"predecessor-version":[{"id":10673261,"href":"https:\/\/www.upo.es\/diario\/wp-json\/wp\/v2\/posts\/10664405\/revisions\/10673261"}],"wp:attachment":[{"href":"https:\/\/www.upo.es\/diario\/wp-json\/wp\/v2\/media?parent=10664405"}],"wp:term":[{"taxonomy":"category","embeddable":true,"href":"https:\/\/www.upo.es\/diario\/wp-json\/wp\/v2\/categories?post=10664405"},{"taxonomy":"post_tag","embeddable":true,"href":"https:\/\/www.upo.es\/diario\/wp-json\/wp\/v2\/tags?post=10664405"}],"curies":[{"name":"wp","href":"https:\/\/api.w.org\/{rel}","templated":true}]}}