{"id":10688953,"date":"2015-10-02T04:50:58","date_gmt":"2015-10-02T04:50:58","guid":{"rendered":"https:\/\/www.upo.es\/diario\/?p=10688953"},"modified":"2015-10-06T11:19:06","modified_gmt":"2015-10-06T11:19:06","slug":"la-comunicacion-politica-a-debate-en-la-upo-en-un-seminario-organizado-por-acop-andalucia","status":"publish","type":"post","link":"https:\/\/www.upo.es\/diario\/institucional\/2015\/10\/la-comunicacion-politica-a-debate-en-la-upo-en-un-seminario-organizado-por-acop-andalucia\/","title":{"rendered":"La comunicaci\u00f3n pol\u00edtica, a debate en la UPO en un seminario organizado por ACOP Andaluc\u00eda"},"content":{"rendered":"<figure id=\"attachment_10688949\" aria-describedby=\"caption-attachment-10688949\" style=\"width: 600px\" class=\"wp-caption aligncenter\"><a href=\"https:\/\/www.upo.es\/diario\/wp-content\/uploads\/2015\/10\/Sem_Com_Politica.jpg\"><img loading=\"lazy\" decoding=\"async\" class=\"size-large wp-image-10688949\" alt=\"El profesor Torres Soriano y Antonio Calder\u00f3n en la presentaci\u00f3n del Seminario\" src=\"https:\/\/www.upo.es\/diario\/wp-content\/uploads\/2015\/10\/Sem_Com_Politica-600x338.jpg\" width=\"600\" height=\"338\" srcset=\"https:\/\/www.upo.es\/diario\/wp-content\/uploads\/2015\/10\/Sem_Com_Politica-600x338.jpg 600w, https:\/\/www.upo.es\/diario\/wp-content\/uploads\/2015\/10\/Sem_Com_Politica-320x180.jpg 320w\" sizes=\"auto, (max-width: 600px) 100vw, 600px\" \/><\/a><figcaption id=\"caption-attachment-10688949\" class=\"wp-caption-text\">El profesor Torres Soriano y Antonio Calder\u00f3n en la presentaci\u00f3n del Seminario<\/figcaption><\/figure>\n<p>La Universidad Pablo de Olavide ha acogido esta ma\u00f1ana el <b>\u201cII Seminario #ACOP Andaluc\u00eda: \u00bfComunica bien tu gobierno?\u201d<\/b> organizado por la <a href=\"http:\/\/compolitica.com\/\">Asociaci\u00f3n de Comunicaci\u00f3n Pol\u00edtica<\/a> en Andaluc\u00eda con la colaboraci\u00f3n del \u00c1rea de Ciencia Pol\u00edtica y de la Administraci\u00f3n del Departamento de Derecho P\u00fablico de la UPO.<\/p>\n<p>El encuentro, que pretende ofrecer las claves de toda buena comunicaci\u00f3n de gobierno, ha sido inaugurado por el profesor Manuel Torres Soriano, responsable del \u00c1rea de Ciencia Pol\u00edtica y de la Administraci\u00f3n de la UPO, y Juan Carlos Calder\u00f3n, coordinador de ACOP Andaluc\u00eda.<\/p>\n<p>Este seminario ha reunido a expertos y consultores como el periodista Antonio Silva; la consultora de Comunicaci\u00f3n e Imagen P\u00fablica, Mar\u00eda V\u00e1zquez; el presidente de ACOP, David R\u00e9doli, y la consultora de comunicaci\u00f3n y especialista en redes sociales, Elena Barrios, que han aportado sus experiencias en diferentes \u00e1mbitos de la comunicaci\u00f3n pol\u00edtica.<\/p>\n","protected":false},"excerpt":{"rendered":"<p>La Universidad Pablo de Olavide ha acogido esta ma\u00f1ana el \u201cII Seminario #ACOP Andaluc\u00eda: \u00bfComunica bien tu gobierno?\u201d organizado por la Asociaci\u00f3n de Comunicaci\u00f3n Pol\u00edtica en Andaluc\u00eda con la colaboraci\u00f3n del \u00c1rea de Ciencia Pol\u00edtica y de la Administraci\u00f3n del Departamento de Derecho P\u00fablico de la UPO.<\/p>\n","protected":false},"author":6,"featured_media":0,"comment_status":"closed","ping_status":"open","sticky":false,"template":"","format":"standard","meta":{"_monsterinsights_skip_tracking":false,"_monsterinsights_sitenote_active":false,"_monsterinsights_sitenote_note":"","_monsterinsights_sitenote_category":0,"footnotes":""},"categories":[6],"tags":[190,67,350,2633,76,78],"class_list":["post-10688953","post","type-post","status-publish","format-standard","hentry","category-institucional","tag-andalucia","tag-ciencias-politicas-y-de-la-administracion","tag-comunicacion","tag-gobierno","tag-politica","tag-seminario"],"_links":{"self":[{"href":"https:\/\/www.upo.es\/diario\/wp-json\/wp\/v2\/posts\/10688953","targetHints":{"allow":["GET"]}}],"collection":[{"href":"https:\/\/www.upo.es\/diario\/wp-json\/wp\/v2\/posts"}],"about":[{"href":"https:\/\/www.upo.es\/diario\/wp-json\/wp\/v2\/types\/post"}],"author":[{"embeddable":true,"href":"https:\/\/www.upo.es\/diario\/wp-json\/wp\/v2\/users\/6"}],"replies":[{"embeddable":true,"href":"https:\/\/www.upo.es\/diario\/wp-json\/wp\/v2\/comments?post=10688953"}],"version-history":[{"count":5,"href":"https:\/\/www.upo.es\/diario\/wp-json\/wp\/v2\/posts\/10688953\/revisions"}],"predecessor-version":[{"id":10723160,"href":"https:\/\/www.upo.es\/diario\/wp-json\/wp\/v2\/posts\/10688953\/revisions\/10723160"}],"wp:attachment":[{"href":"https:\/\/www.upo.es\/diario\/wp-json\/wp\/v2\/media?parent=10688953"}],"wp:term":[{"taxonomy":"category","embeddable":true,"href":"https:\/\/www.upo.es\/diario\/wp-json\/wp\/v2\/categories?post=10688953"},{"taxonomy":"post_tag","embeddable":true,"href":"https:\/\/www.upo.es\/diario\/wp-json\/wp\/v2\/tags?post=10688953"}],"curies":[{"name":"wp","href":"https:\/\/api.w.org\/{rel}","templated":true}]}}