{"id":10714853,"date":"2015-10-07T05:45:44","date_gmt":"2015-10-07T05:45:44","guid":{"rendered":"https:\/\/www.upo.es\/diario\/?p=10714853"},"modified":"2015-10-07T06:53:25","modified_gmt":"2015-10-07T06:53:25","slug":"manana-se-celebra-en-la-upo-un-curso-sobre-violencia-de-genero-y-cooperacion-universitaria-al-desarrollo","status":"publish","type":"post","link":"https:\/\/www.upo.es\/diario\/institucional\/2015\/10\/manana-se-celebra-en-la-upo-un-curso-sobre-violencia-de-genero-y-cooperacion-universitaria-al-desarrollo\/","title":{"rendered":"Curso sobre violencia de g\u00e9nero y cooperaci\u00f3n universitaria al desarrollo en la UPO"},"content":{"rendered":"<figure id=\"attachment_10722447\" aria-describedby=\"caption-attachment-10722447\" style=\"width: 600px\" class=\"wp-caption aligncenter\"><a href=\"https:\/\/www.upo.es\/diario\/wp-content\/uploads\/2015\/10\/Violencia-Gen-Cooperacion.jpg\"><img loading=\"lazy\" decoding=\"async\" class=\"size-large wp-image-10722447\" alt=\"De izquierda a derecha, Luis Revilla P\u00e9rez, Germ\u00e1n Jar\u00e1iz Arroyo y Mar\u00eda Jos\u00e9 del Pino.\" src=\"https:\/\/www.upo.es\/diario\/wp-content\/uploads\/2015\/10\/Violencia-Gen-Cooperacion-600x338.jpg\" width=\"600\" height=\"338\" srcset=\"https:\/\/www.upo.es\/diario\/wp-content\/uploads\/2015\/10\/Violencia-Gen-Cooperacion-600x338.jpg 600w, https:\/\/www.upo.es\/diario\/wp-content\/uploads\/2015\/10\/Violencia-Gen-Cooperacion-320x180.jpg 320w\" sizes=\"auto, (max-width: 600px) 100vw, 600px\" \/><\/a><figcaption id=\"caption-attachment-10722447\" class=\"wp-caption-text\">De izquierda a derecha, Luis Revilla P\u00e9rez, Germ\u00e1n Jara\u00edz Arroyo y Mar\u00eda Jos\u00e9 del Pino.<\/figcaption><\/figure>\n<p>Ayer martes 6 de octubre comenz\u00f3 el curso <b>\u201cLa incorporaci\u00f3n del enfoque de g\u00e9nero en la cooperaci\u00f3n universitaria al desarrollo\u201d<\/b>, que fue inaugurado por Germ\u00e1n Jara\u00edz Arroyo, director general de Programaci\u00f3n Cultural y Social de la UPO; \u00a0Luis Revilla P\u00e9rez, presidente de la Asociaci\u00f3n Internacional de Juristas INTER IURIS y secretario de la Audiencia Provincial de Sevilla, y Mar\u00eda Jos\u00e9 del Pino Espejo, profesora de Sociolog\u00eda de la UPO.<\/p>\n<p>Se trata del primero de los cuatro cursos de formaci\u00f3n especializada en materia de g\u00e9nero y cooperaci\u00f3n universitaria al desarrollo de la<a href=\"http:\/\/www.interiuris.org\/\"> Asociaci\u00f3n Internacional de Juristas INTER\u00a0IURIS<\/a>, en el marco del <b>proyecto \u201cImpacto social y jur\u00eddico de las intervenciones andaluzas de cooperaci\u00f3n al desarrollo en materia de violencia de g\u00e9nero en los Centros Emergencia Mujer del Per\u00fa\u201d<\/b>, cuya coordinadora principal es la profesora de la UPO Mar\u00eda Jos\u00e9 del Pino Espejo junto con las Oficinas de Igualdad y Voluntariado pertenecientes al Vicerrectorado de Estudiantes, Cultura y Compromiso Social de la UPO.<\/p>\n<p>Este proyecto se enmarca en las acciones de la V Campa\u00f1a de la UPO \u201cNo dejes que la violencia se cuele en tu vida\u201d, que se consolida como una acciones previstas en el I Plan de Igualdad de la UPO.<\/p>\n<p>El objetivo de la presente formaci\u00f3n se centra en sensibilizar a la comunidad universitaria de la UPO acerca de la situaci\u00f3n de mujeres y hombres a nivel internacional, identificando las formas de violencia hacia las mujeres en el mundo, as\u00ed como dotar a los asistentes de las herramientas existentes en cooperaci\u00f3n universitaria al desarrollo favoreciendo la formaci\u00f3n de futuros voluntarios, cooperantes y trabajadores del tercer sector.<\/p>\n<p>El curso \u201cLa incorporaci\u00f3n del enfoque de g\u00e9nero en la cooperaci\u00f3n universitaria al desarrollo\u201d se celebrar\u00e1 el\u00a0 6 y 7 de octubre; el curso \u201cAsistencia a v\u00edctimas de violencia de g\u00e9nero: experiencia comparada\u201d el 13 y 14 de octubre; el curso \u201cCooperaci\u00f3n universitaria al desarrollo e intervenciones de voluntariado. Enfoque del Marco L\u00f3gico (EML)\u201del 20 y 21 de octubre, y finalmente, el \u201cTaller de metodolog\u00edas participativas\u201d se celebrar\u00e1 el 27 y 28 de octubre.<\/p>\n<p>Los programas de estos cursos pueden consultarse en la web de la <a href=\"http:\/\/www.upo.es\/upsc\/voluntariado-ps\/oficina-voluntariado\/sensibilizacionformacion\/jornadas_cursos\/index.jsp\">Unidad de Cultura y Participaci\u00f3n Social de la UPO<\/a>.<\/p>\n","protected":false},"excerpt":{"rendered":"<p>Ayer martes 6 de octubre comenz\u00f3 el curso \u201cLa incorporaci\u00f3n del enfoque de g\u00e9nero en la cooperaci\u00f3n universitaria al desarrollo\u201d, que fue inaugurado por Germ\u00e1n Jara\u00edz Arroyo, director general de Programaci\u00f3n Cultural y Social de la UPO;  Luis Revilla P\u00e9rez, presidente de la Asociaci\u00f3n Internacional de Juristas INTER IURIS y secretario de la Audiencia Provincial de Sevilla, y Mar\u00eda Jos\u00e9 del Pino Espejo, profesora de Sociolog\u00eda de la UPO.<\/p>\n","protected":false},"author":2,"featured_media":0,"comment_status":"closed","ping_status":"open","sticky":false,"template":"","format":"standard","meta":{"_monsterinsights_skip_tracking":false,"_monsterinsights_sitenote_active":false,"_monsterinsights_sitenote_note":"","_monsterinsights_sitenote_category":0,"footnotes":""},"categories":[6],"tags":[2642,141,509,2441],"class_list":["post-10714853","post","type-post","status-publish","format-standard","hentry","category-institucional","tag-cooperacion-universitaria","tag-curso","tag-formacion","tag-violencia-de-genero"],"_links":{"self":[{"href":"https:\/\/www.upo.es\/diario\/wp-json\/wp\/v2\/posts\/10714853","targetHints":{"allow":["GET"]}}],"collection":[{"href":"https:\/\/www.upo.es\/diario\/wp-json\/wp\/v2\/posts"}],"about":[{"href":"https:\/\/www.upo.es\/diario\/wp-json\/wp\/v2\/types\/post"}],"author":[{"embeddable":true,"href":"https:\/\/www.upo.es\/diario\/wp-json\/wp\/v2\/users\/2"}],"replies":[{"embeddable":true,"href":"https:\/\/www.upo.es\/diario\/wp-json\/wp\/v2\/comments?post=10714853"}],"version-history":[{"count":12,"href":"https:\/\/www.upo.es\/diario\/wp-json\/wp\/v2\/posts\/10714853\/revisions"}],"predecessor-version":[{"id":10715200,"href":"https:\/\/www.upo.es\/diario\/wp-json\/wp\/v2\/posts\/10714853\/revisions\/10715200"}],"wp:attachment":[{"href":"https:\/\/www.upo.es\/diario\/wp-json\/wp\/v2\/media?parent=10714853"}],"wp:term":[{"taxonomy":"category","embeddable":true,"href":"https:\/\/www.upo.es\/diario\/wp-json\/wp\/v2\/categories?post=10714853"},{"taxonomy":"post_tag","embeddable":true,"href":"https:\/\/www.upo.es\/diario\/wp-json\/wp\/v2\/tags?post=10714853"}],"curies":[{"name":"wp","href":"https:\/\/api.w.org\/{rel}","templated":true}]}}