{"id":10732163,"date":"2015-10-07T13:05:06","date_gmt":"2015-10-07T13:05:06","guid":{"rendered":"https:\/\/www.upo.es\/diario\/?p=10732163"},"modified":"2015-10-07T13:05:06","modified_gmt":"2015-10-07T13:05:06","slug":"programa-faro-de-practicas-en-empresas-en-el-extranjero","status":"publish","type":"post","link":"https:\/\/www.upo.es\/diario\/infoupo\/2015\/10\/programa-faro-de-practicas-en-empresas-en-el-extranjero\/","title":{"rendered":"Programa Faro de pr\u00e1cticas en empresas en el extranjero"},"content":{"rendered":"<p><a href=\"http:\/\/www.becasfaro.es\/\"><img loading=\"lazy\" decoding=\"async\" class=\"aligncenter size-large wp-image-10732164\" alt=\"Segundo banner_mosaico_uva\" src=\"https:\/\/www.upo.es\/diario\/wp-content\/uploads\/2015\/10\/Segundo-banner_mosaico_uva-600x339.jpg\" width=\"600\" height=\"339\" srcset=\"https:\/\/www.upo.es\/diario\/wp-content\/uploads\/2015\/10\/Segundo-banner_mosaico_uva-600x339.jpg 600w, https:\/\/www.upo.es\/diario\/wp-content\/uploads\/2015\/10\/Segundo-banner_mosaico_uva-320x181.jpg 320w\" sizes=\"auto, (max-width: 600px) 100vw, 600px\" \/><\/a>El Programa Faro de pr\u00e1cticas en empresas en el extranjero estar\u00e1 abierto hasta el 31 de diciembre de 2017.<strong> Seiscientas estancias en Estados Unidos, Canad\u00e1, Europa, Asia y Ocean\u00eda para estudiantes universitarios menores de 30 a\u00f1os que hayan superado un m\u00ednimo del 70 por ciento de los cr\u00e9ditos<\/strong> necesarios para la obtenci\u00f3n de su t\u00edtulo.<\/p>\n<p>Este programa, que no es compatible con las ayudas Erasmus, est\u00e1 financiado y promovido por el Ministerio de Educaci\u00f3n, Cultura y Deporte con el prop\u00f3sito de fomentar la movilidad de estudiantes de \u00faltimos cursos de las universidades espa\u00f1olas mediante la realizaci\u00f3n de pr\u00e1cticas formativas de calidad en empresas ubicadas en Europa, Estados Unidos y Canad\u00e1 y en empresas espa\u00f1olas o multinacionales de Asia y Ocean\u00eda. El objetivo \u00faltimo del programa es favorecer su transici\u00f3n del sistema educativo a la vida laboral mediante la mejora de sus competencias, aptitudes y actitudes.<\/p>\n<p><strong>Las ayudas se conceden de forma continua durante la vigencia del programa, siendo el 31 de diciembre de 2017 la fecha l\u00edmite de inicio de las estancias. La duraci\u00f3n media de las pr\u00e1cticas es de seis meses<\/strong>. La dotaci\u00f3n econ\u00f3mica var\u00eda en funci\u00f3n del pa\u00eds de destino y consta de mensualidades en concepto de alojamiento y manutenci\u00f3n y de una partida para los gastos de los viajes de ida y vuelta.<\/p>\n<p>M\u00e1s informaci\u00f3n y registro en: <a href=\"http:\/\/www.becasfaro.es\/\">www.becasfaro.es<\/a><\/p>\n","protected":false},"excerpt":{"rendered":"<p>El Programa Faro de pr\u00e1cticas en empresas en el extranjero estar\u00e1 abierto hasta el 31 de diciembre de 2017. Seiscientas estancias en Estados Unidos, Canad\u00e1, Europa, Asia y Ocean\u00eda para estudiantes universitarios menores de 30 a\u00f1os que hayan superado un m\u00ednimo del 70 por ciento de los cr\u00e9ditos necesarios para la obtenci\u00f3n de su t\u00edtulo.<\/p>\n","protected":false},"author":6,"featured_media":0,"comment_status":"closed","ping_status":"open","sticky":false,"template":"","format":"standard","meta":{"_monsterinsights_skip_tracking":false,"_monsterinsights_sitenote_active":false,"_monsterinsights_sitenote_note":"","_monsterinsights_sitenote_category":0,"footnotes":""},"categories":[5],"tags":[64,66,1496,454,244,65],"class_list":["post-10732163","post","type-post","status-publish","format-standard","hentry","category-infoupo","tag-becas","tag-empresa","tag-estados-unidos","tag-europa","tag-ministerio-de-educacion","tag-practicas"],"_links":{"self":[{"href":"https:\/\/www.upo.es\/diario\/wp-json\/wp\/v2\/posts\/10732163","targetHints":{"allow":["GET"]}}],"collection":[{"href":"https:\/\/www.upo.es\/diario\/wp-json\/wp\/v2\/posts"}],"about":[{"href":"https:\/\/www.upo.es\/diario\/wp-json\/wp\/v2\/types\/post"}],"author":[{"embeddable":true,"href":"https:\/\/www.upo.es\/diario\/wp-json\/wp\/v2\/users\/6"}],"replies":[{"embeddable":true,"href":"https:\/\/www.upo.es\/diario\/wp-json\/wp\/v2\/comments?post=10732163"}],"version-history":[{"count":1,"href":"https:\/\/www.upo.es\/diario\/wp-json\/wp\/v2\/posts\/10732163\/revisions"}],"predecessor-version":[{"id":10732165,"href":"https:\/\/www.upo.es\/diario\/wp-json\/wp\/v2\/posts\/10732163\/revisions\/10732165"}],"wp:attachment":[{"href":"https:\/\/www.upo.es\/diario\/wp-json\/wp\/v2\/media?parent=10732163"}],"wp:term":[{"taxonomy":"category","embeddable":true,"href":"https:\/\/www.upo.es\/diario\/wp-json\/wp\/v2\/categories?post=10732163"},{"taxonomy":"post_tag","embeddable":true,"href":"https:\/\/www.upo.es\/diario\/wp-json\/wp\/v2\/tags?post=10732163"}],"curies":[{"name":"wp","href":"https:\/\/api.w.org\/{rel}","templated":true}]}}