{"id":10740182,"date":"2015-10-09T06:41:10","date_gmt":"2015-10-09T06:41:10","guid":{"rendered":"https:\/\/www.upo.es\/diario\/?p=10740182"},"modified":"2015-10-13T12:26:01","modified_gmt":"2015-10-13T12:26:01","slug":"una-jornada-mostrara-manana-a-los-universitarios-de-la-upo-como-divulgar-la-ciencia","status":"publish","type":"post","link":"https:\/\/www.upo.es\/diario\/ciencia\/2015\/10\/una-jornada-mostrara-manana-a-los-universitarios-de-la-upo-como-divulgar-la-ciencia\/","title":{"rendered":"Una jornada muestra  a los universitarios de la UPO c\u00f3mo divulgar la ciencia"},"content":{"rendered":"<figure id=\"attachment_10748180\" aria-describedby=\"caption-attachment-10748180\" style=\"width: 600px\" class=\"wp-caption aligncenter\"><a href=\"https:\/\/www.upo.es\/diario\/wp-content\/uploads\/2015\/10\/jdivulgacioncientifica.jpg\"><img loading=\"lazy\" decoding=\"async\" class=\"size-large wp-image-10748180\" alt=\"La primera charla ha sido impartida por Erika L\u00f3pez, responsable de Comunicaci\u00f3n del CSIC Andaluc\u00eda.\" src=\"https:\/\/www.upo.es\/diario\/wp-content\/uploads\/2015\/10\/jdivulgacioncientifica-600x399.jpg\" width=\"600\" height=\"399\" srcset=\"https:\/\/www.upo.es\/diario\/wp-content\/uploads\/2015\/10\/jdivulgacioncientifica-600x399.jpg 600w, https:\/\/www.upo.es\/diario\/wp-content\/uploads\/2015\/10\/jdivulgacioncientifica-320x213.jpg 320w\" sizes=\"auto, (max-width: 600px) 100vw, 600px\" \/><\/a><figcaption id=\"caption-attachment-10748180\" class=\"wp-caption-text\">La primera charla ha sido impartida por Erika L\u00f3pez, responsable de Comunicaci\u00f3n del CSIC Andaluc\u00eda.<\/figcaption><\/figure>\n<p>La Universidad Pablo de Olavide acoge hoy viernes 9 de octubre\u00a0una <b>jornada de t\u00e9cnicas de comunicaci\u00f3n cient\u00edfica<\/b> organizada por el Programa de Doctorado de Biotecnolog\u00eda, Ingenier\u00eda y Tecnolog\u00eda Qu\u00edmica de esta universidad.<\/p>\n<p>Bajo el nombre <a href=\"https:\/\/www.upo.es\/portal\/impe\/web\/contenido\/e48cc96a-61d8-11e5-841b-3fe5a96f4a88?channel=b1601137-2f47-11de-b088-3fe5a96f4a88\">\u201cComunicar la ciencia: c\u00f3mo hablarle a tu abuela, c\u00f3mo inspirar a un ni\u00f1o, c\u00f3mo convencer al pol\u00edtico\u201d<\/a>, esta actividad tiene como objetivo proporcionar a los universitarios y futuros investigadores herramientas de divulgaci\u00f3n para que la incluyan en su actividad habitual como cient\u00edficos. Como explica Carlos Santos, coordinador de este programa de doctorado, \u201cm\u00e1s all\u00e1 de los conocimientos t\u00e9cnicos y te\u00f3ricos que van a adquirir los estudiantes hay un aspecto en el que tambi\u00e9n deseamos que se formen, que es la capacidad de explicar al resto de la sociedad qu\u00e9 es lo que hacen, qu\u00e9 sentido tiene lo que hacen y qu\u00e9 utilidad presente o futura ser\u00e1n capaces de generar\u201d.<\/p>\n<p>De esta manera, dos conferenciantes de reconocido prestigio, <b>Erika L\u00f3pez<\/b>, responsable de Comunicaci\u00f3n del CSIC Andaluc\u00eda, y\u00a0<b>\u00c1lex Fern\u00e1ndez Muerza<\/b>, divulgador de <a href=\"http:\/\/www.e-ciencia.com\/\">www.e-ciencia.com<\/a>, han explicado a lo largo de la ma\u00f1ana de hoy sus experiencias y han proporcionado conocimientos\u00a0 y herramientas a los estudiantes para poner en pr\u00e1ctica la actividad divulgativa.<\/p>\n<p>La segunda parte de la jornada, que se celebrar\u00e1 por la tarde, es espec\u00edfica para los estudiantes del doctorado y tendr\u00e1 lugar en los estudios de Canal Sur TV en San Juan de Aznalfarache, donde 5 estudiantes ser\u00e1n entrevistados en un plat\u00f3 de televisi\u00f3n para explicar su actividad cient\u00edfica. Esta actividad contar\u00e1 con la participaci\u00f3n de periodistas como <b>Jos\u00e9 Mar\u00eda Montero<\/b>, director de los programas \u201cEspacio Protegido\u201d y \u201cTierra y Mar\u201d, o <b>Silvia Sanz<\/b>, presentadora de informativos de Canal Sur TV.<\/p>\n<p>La jornada de t\u00e9cnicas de comunicaci\u00f3n cient\u00edfica \u201cComunicar la ciencia: c\u00f3mo hablarle a tu abuela, c\u00f3mo inspirar a un ni\u00f1o, c\u00f3mo convencer al pol\u00edtico\u201d ha sido organizada por el <a href=\"https:\/\/www.upo.es\/postgrado\/Doctorado-Biotecnologia-Ingenieria-y-Tecnologia-Quimica\">Programa de Doctorado de Biotecnolog\u00eda, Ingenier\u00eda y Tecnolog\u00eda Qu\u00edmica<\/a> de la <a href=\"https:\/\/www.upo.es\/portal\/impe\/web\/portada\">Universidad Pablo de Olavide<\/a> con la colaboraci\u00f3n del <a href=\"http:\/\/www.cabd.es\/\">Centro Andaluz de Biolog\u00eda del Desarrollo<\/a> (CSIC- UPO-Junta de Andaluc\u00eda), la <a href=\"http:\/\/www.casadelaciencia.csic.es\/\">Casa de la Ciencia de Sevilla<\/a> (CSIC) y <a href=\"http:\/\/www.canalsur.es\/rtva-2809.html\">Canal Sur RTVA<\/a>.<\/p>\n","protected":false},"excerpt":{"rendered":"<p>La Universidad Pablo de Olavide acoge hoy viernes 9 de octubre una jornada de t\u00e9cnicas de comunicaci\u00f3n cient\u00edfica organizada por el Programa de Doctorado de Biotecnolog\u00eda, Ingenier\u00eda y Tecnolog\u00eda Qu\u00edmica de esta universidad.<\/p>\n","protected":false},"author":2,"featured_media":0,"comment_status":"closed","ping_status":"open","sticky":false,"template":"","format":"standard","meta":{"_monsterinsights_skip_tracking":false,"_monsterinsights_sitenote_active":false,"_monsterinsights_sitenote_note":"","_monsterinsights_sitenote_category":0,"footnotes":""},"categories":[3],"tags":[121,5833,2645,973,2189,1723],"class_list":["post-10740182","post","type-post","status-publish","format-standard","hentry","category-ciencia","tag-biotecnologia","tag-ciencia","tag-divulgacion-cientifica","tag-doctorado","tag-ingenieria","tag-tecnologia-quimica"],"_links":{"self":[{"href":"https:\/\/www.upo.es\/diario\/wp-json\/wp\/v2\/posts\/10740182","targetHints":{"allow":["GET"]}}],"collection":[{"href":"https:\/\/www.upo.es\/diario\/wp-json\/wp\/v2\/posts"}],"about":[{"href":"https:\/\/www.upo.es\/diario\/wp-json\/wp\/v2\/types\/post"}],"author":[{"embeddable":true,"href":"https:\/\/www.upo.es\/diario\/wp-json\/wp\/v2\/users\/2"}],"replies":[{"embeddable":true,"href":"https:\/\/www.upo.es\/diario\/wp-json\/wp\/v2\/comments?post=10740182"}],"version-history":[{"count":10,"href":"https:\/\/www.upo.es\/diario\/wp-json\/wp\/v2\/posts\/10740182\/revisions"}],"predecessor-version":[{"id":10782226,"href":"https:\/\/www.upo.es\/diario\/wp-json\/wp\/v2\/posts\/10740182\/revisions\/10782226"}],"wp:attachment":[{"href":"https:\/\/www.upo.es\/diario\/wp-json\/wp\/v2\/media?parent=10740182"}],"wp:term":[{"taxonomy":"category","embeddable":true,"href":"https:\/\/www.upo.es\/diario\/wp-json\/wp\/v2\/categories?post=10740182"},{"taxonomy":"post_tag","embeddable":true,"href":"https:\/\/www.upo.es\/diario\/wp-json\/wp\/v2\/tags?post=10740182"}],"curies":[{"name":"wp","href":"https:\/\/api.w.org\/{rel}","templated":true}]}}