{"id":10740536,"date":"2015-12-01T05:28:48","date_gmt":"2015-12-01T05:28:48","guid":{"rendered":"https:\/\/www.upo.es\/diario\/?p=10740536"},"modified":"2015-12-01T13:13:50","modified_gmt":"2015-12-01T13:13:50","slug":"premio-a-la-implicacion-social-en-las-universidades-andaluzas","status":"publish","type":"post","link":"https:\/\/www.upo.es\/diario\/infoupo\/2015\/12\/premio-a-la-implicacion-social-en-las-universidades-andaluzas\/","title":{"rendered":"Premio a la implicaci\u00f3n social en las universidades andaluzas"},"content":{"rendered":"<p>Con el objetivo de reconocer las buenas pr\u00e1cticas de colaboraci\u00f3n entre las Universidades P\u00fablicas de Andaluc\u00eda, las empresas y otros organismos p\u00fablicos y privados los consejos sociales convocan la <b>VII edici\u00f3n del Premio Implicaci\u00f3n Social en las Universidades P\u00fablicas de Andaluc\u00eda<\/b>, cuyo <strong>plazo de presentaci\u00f3n de candidaturas ha sido ampliado hasta el 31 de diciembre de 2015<\/strong>. El Premio contempla dos modalidades, una dirigida a grupos de investigaci\u00f3n y departamentos y otra para empresas y dem\u00e1s entidades p\u00fablicas o privadas.<\/p>\n<p>Podr\u00e1n presentarse al Premio, a trav\u00e9s de cualquier consejo social de las universidades andaluzas, proyectos o programas que est\u00e9n relacionados con: la transferencia de conocimiento cient\u00edfico a la sociedad para su conversi\u00f3n en desarrollo e innovaci\u00f3n; la creatividad y la cultura empresarial del entorno universitario; y las acciones de colaboraci\u00f3n Universidad-Sociedad como motor del desarrollo tecnol\u00f3gico y del progreso social. Los consejos sociales de las Universidades P\u00fablicas de Andaluc\u00eda podr\u00e1n presentar sus propias propuestas como reconocimiento directo de la labor realizada en su \u00e1mbito de competencia.<\/p>\n<p>El premio, fallado por un jurado y al que cada consejo social propondr\u00e1 dos finalistas para cada modalidad, consistir\u00e1 en un diploma acreditativo, acciones de marketing y p\u00e1ginas web institucionales de la entidad, y una escultura conmemorativa de la concesi\u00f3n.<\/p>\n<p>El Foro de Consejos Sociales de las Universidades P\u00fablicas de Andaluc\u00eda aglutina a los Consejos Sociales de las Universidades de Almer\u00eda, C\u00e1diz, C\u00f3rdoba, Granada, Huelva, Ja\u00e9n, M\u00e1laga, Sevilla y Pablo de Olavide.<\/p>\n<p>M\u00e1s informaci\u00f3n y bases en:<\/p>\n<ul>\n<li><a href=\"http:\/\/csintranet.org\/bconsejosanda\/wp-content\/uploads\/2015\/09\/01-VII-Premio-Implicacion-Social.pdf\">VII Premio Implicaci\u00f3n Social en las Universidades P\u00fablicas de Andaluc\u00eda<\/a><\/li>\n<li><a href=\"http:\/\/csintranet.org\/bconsejosanda\/formulario-de-inscripcion\/\" target=\"_blank\">Inscripci\u00f3n online<\/a><\/li>\n<li><a href=\"http:\/\/www.consejosandalucia.org\/\">www.consejosandalucia.org<\/a><\/li>\n<\/ul>\n","protected":false},"excerpt":{"rendered":"<p>Con el objetivo de reconocer las buenas pr\u00e1cticas de colaboraci\u00f3n entre las Universidades P\u00fablicas de Andaluc\u00eda, las empresas y otros organismos p\u00fablicos y privados los consejos sociales convocan la VII edici\u00f3n del Premio Implicaci\u00f3n Social en las Universidades P\u00fablicas de Andaluc\u00eda, cuyo plazo de presentaci\u00f3n de candidaturas ha sido ampliado hasta el 31 de diciembre de 2015. El Premio contempla dos modalidades, una dirigida a grupos de investigaci\u00f3n y departamentos y otra para empresas y dem\u00e1s entidades p\u00fablicas o privadas.<\/p>\n","protected":false},"author":6,"featured_media":0,"comment_status":"closed","ping_status":"open","sticky":false,"template":"","format":"standard","meta":{"_monsterinsights_skip_tracking":false,"_monsterinsights_sitenote_active":false,"_monsterinsights_sitenote_note":"","_monsterinsights_sitenote_category":0,"footnotes":""},"categories":[5],"tags":[],"class_list":["post-10740536","post","type-post","status-publish","format-standard","hentry","category-infoupo"],"_links":{"self":[{"href":"https:\/\/www.upo.es\/diario\/wp-json\/wp\/v2\/posts\/10740536","targetHints":{"allow":["GET"]}}],"collection":[{"href":"https:\/\/www.upo.es\/diario\/wp-json\/wp\/v2\/posts"}],"about":[{"href":"https:\/\/www.upo.es\/diario\/wp-json\/wp\/v2\/types\/post"}],"author":[{"embeddable":true,"href":"https:\/\/www.upo.es\/diario\/wp-json\/wp\/v2\/users\/6"}],"replies":[{"embeddable":true,"href":"https:\/\/www.upo.es\/diario\/wp-json\/wp\/v2\/comments?post=10740536"}],"version-history":[{"count":6,"href":"https:\/\/www.upo.es\/diario\/wp-json\/wp\/v2\/posts\/10740536\/revisions"}],"predecessor-version":[{"id":11262076,"href":"https:\/\/www.upo.es\/diario\/wp-json\/wp\/v2\/posts\/10740536\/revisions\/11262076"}],"wp:attachment":[{"href":"https:\/\/www.upo.es\/diario\/wp-json\/wp\/v2\/media?parent=10740536"}],"wp:term":[{"taxonomy":"category","embeddable":true,"href":"https:\/\/www.upo.es\/diario\/wp-json\/wp\/v2\/categories?post=10740536"},{"taxonomy":"post_tag","embeddable":true,"href":"https:\/\/www.upo.es\/diario\/wp-json\/wp\/v2\/tags?post=10740536"}],"curies":[{"name":"wp","href":"https:\/\/api.w.org\/{rel}","templated":true}]}}