{"id":10748183,"date":"2015-10-09T11:27:29","date_gmt":"2015-10-09T11:27:29","guid":{"rendered":"https:\/\/www.upo.es\/diario\/?p=10748183"},"modified":"2015-10-09T11:28:36","modified_gmt":"2015-10-09T11:28:36","slug":"la-upo-ofrece-este-mes-de-octubre-tres-talleres-de-orientacion-profesional-para-sus-estudiante","status":"publish","type":"post","link":"https:\/\/www.upo.es\/diario\/institucional\/2015\/10\/la-upo-ofrece-este-mes-de-octubre-tres-talleres-de-orientacion-profesional-para-sus-estudiante\/","title":{"rendered":"La UPO ofrece este mes de octubre tres talleres de orientaci\u00f3n profesional para sus estudiantes"},"content":{"rendered":"<figure id=\"attachment_1658666\" aria-describedby=\"caption-attachment-1658666\" style=\"width: 600px\" class=\"wp-caption aligncenter\"><a href=\"https:\/\/www.upo.es\/diario\/wp-content\/uploads\/2013\/09\/jorient_facexp.jpg\"><img loading=\"lazy\" decoding=\"async\" class=\"size-large wp-image-1658666\" alt=\"T\u00e9cnicas de Orientaci\u00f3n Profesional impartiendo la sesi\u00f3n informativa &quot;Competencias profesionales, universidad y mercado de trabajo&quot;\" src=\"https:\/\/www.upo.es\/diario\/wp-content\/uploads\/2013\/09\/jorient_facexp-1024x636.jpg\" width=\"600\" height=\"372\" srcset=\"https:\/\/www.upo.es\/diario\/wp-content\/uploads\/2013\/09\/jorient_facexp-1024x636.jpg 1024w, https:\/\/www.upo.es\/diario\/wp-content\/uploads\/2013\/09\/jorient_facexp-320x198.jpg 320w, https:\/\/www.upo.es\/diario\/wp-content\/uploads\/2013\/09\/jorient_facexp-600x372.jpg 600w\" sizes=\"auto, (max-width: 600px) 100vw, 600px\" \/><\/a><figcaption id=\"caption-attachment-1658666\" class=\"wp-caption-text\">El \u00c1rea de Orientaci\u00f3n Profesional, Inserci\u00f3n Laboral y Empleabilidad de la Fundaci\u00f3n UPO ofrece este mes de octubre 3 talleres grupales sobre empleabilidad y emprendimiento.<\/figcaption><\/figure>\n<p>La Universidad Pablo de Olavide, a trav\u00e9s del \u00c1rea de Orientaci\u00f3n Profesional, Inserci\u00f3n Laboral y Empleabilidad de la Fundaci\u00f3n UPO, ofrece este mes de octubre 3 talleres grupales sobre empleabilidad y emprendimiento para sus estudiantes de grado y postgrado, con el objetivo de asesorarlos, tanto en la b\u00fasqueda de empleo como en la creaci\u00f3n de empresas y favorecer su futura inserci\u00f3n laboral.<\/p>\n<p>Esta oferta, que comenzar\u00e1 a impartirse la pr\u00f3xima semana, se agrupa en cinco grandes tem\u00e1ticas a trav\u00e9s de las cuales se ense\u00f1a a los estudiantes a prepararse para la b\u00fasqueda de empleo, se les anima a movilizarse, se les entrena en las competencias y actitudes necesarias, se les ayuda a desarrollar su creatividad a trav\u00e9s del emprendimiento y finalmente se les explica c\u00f3mo deben actuar para incorporarse al mercado laboral.<\/p>\n<p>En concreto, el primero de estos talleres se celebrar\u00e1 el pr\u00f3ximo jueves d\u00eda 15 de octubre con el t\u00edtulo \u201cElabora un buen curr\u00edculum\u201d donde se explicar\u00e1 a los asistentes cu\u00e1les son las nuevas formas de presentaci\u00f3n profesional. Una semana despu\u00e9s, el viernes 23, se analizar\u00e1n las opciones de becas, pr\u00e1cticas y de movilidad internacional bajo el nombre \u201cAct\u00edvate\u201d.<\/p>\n<p>La oferta del mes de octubre se cerrar\u00e1 el jueves d\u00eda 29 con un taller llamado \u201cVisibil\u00edzate\u201d donde se abordar\u00e1n las redes sociales profesionales, especialmente Twitter y Linkedin.<\/p>\n<p>Posteriormente, en los pr\u00f3ximos meses se ofrecer\u00e1 a los usuarios las claves de los procesos de selecci\u00f3n, se les explicar\u00e1n los recursos y programas de emprendimiento para j\u00f3venes, se les entrenar\u00e1 para transmitir de forma eficaz su discurso, se hablar\u00e1 sobre las nuevas l\u00edneas y claves en la b\u00fasqueda de empleo y se abordar\u00e1n los recursos existentes para mejorar y evaluar el nivel de ingl\u00e9s. Todos los talleres se imparten en la Universidad Pablo de Olavide, con un m\u00e1ximo de 25 plazas.<\/p>\n<p>Adem\u00e1s de estos talleres, el \u00e1rea de Orientaci\u00f3n Profesional, Inserci\u00f3n Laboral y Empleabilidad de la Fundaci\u00f3n Universidad Pablo de Olavide tambi\u00e9n atiende de manera individual a los usuarios, mediante cita previa, para asesorarlos de manera personalizada, evaluando su curr\u00edculum y dise\u00f1ando un plan de orientaci\u00f3n medida con acciones y recursos que faciliten su acceso al mercado de trabajo.<\/p>\n<p>Todos los interesados en participar en los talleres de orientaci\u00f3n deben inscribirse enviando un correo electr\u00f3nico a la direcci\u00f3n <a href=\"mailto:orientacionprofesional@fundacion.upo.es\">orientaemplea@fundacion.upo.es<\/a> indicando su nombre, apellidos, estudios, tel\u00e9fono y la actividad a la que quieren asistir, o bien, llamando por tel\u00e9fono al 954 34 98 15. Adem\u00e1s, aquellas personas que est\u00e9n interesadas en las atenciones individuales, tambi\u00e9n pueden contactar a trav\u00e9s de ese mismo correo y tel\u00e9fono para solicitar cita.<\/p>\n<p>Listado de talleres grupales para el mes de octubre:<\/p>\n<p>&nbsp;<\/p>\n<table width=\"648\" border=\"0\" cellspacing=\"0\" cellpadding=\"0\">\n<tbody>\n<tr>\n<td valign=\"top\" width=\"109\">\n<p align=\"center\"><b>FECHA<\/b><\/p>\n<\/td>\n<td valign=\"top\" width=\"371\">\n<p align=\"center\"><b>NOMBRE DEL TALLER<\/b><\/p>\n<\/td>\n<td valign=\"top\" width=\"168\">\n<p align=\"center\"><b>HORARIO<\/b><\/p>\n<\/td>\n<\/tr>\n<tr>\n<td width=\"109\">\n<p align=\"center\">15\/10\/2015<\/p>\n<\/td>\n<td width=\"371\">Elabora un buen cv: nuevas formas de presentaci\u00f3n profesional<\/td>\n<td width=\"168\">De 9,30. a 13,30 horas<\/td>\n<\/tr>\n<tr>\n<td width=\"109\">\n<p align=\"center\">23\/10\/2015<\/p>\n<\/td>\n<td width=\"371\">Act\u00edvate: becas, pr\u00e1cticas y movilidad internacional<\/td>\n<td width=\"168\">De 9,30. a 13,30 horas<\/td>\n<\/tr>\n<tr>\n<td width=\"109\">\n<p align=\"center\">29\/10\/2015<\/p>\n<\/td>\n<td width=\"371\">Visibil\u00edzate: redes sociales profesionales (Twitter y Linkedin)<\/td>\n<td width=\"168\">De 9,30. a 13,30 horas<\/td>\n<\/tr>\n<\/tbody>\n<\/table>\n<p>&nbsp;<\/p>\n<p>&nbsp;<\/p>\n","protected":false},"excerpt":{"rendered":"<p>La Universidad Pablo de Olavide, a trav\u00e9s del \u00c1rea de Orientaci\u00f3n Profesional, Inserci\u00f3n Laboral y Empleabilidad de la Fundaci\u00f3n UPO, ofrece este mes de octubre 3 talleres grupales sobre empleabilidad y emprendimiento para sus estudiantes de grado y postgrado, con el objetivo de asesorarlos, tanto en la b\u00fasqueda de empleo como en la creaci\u00f3n de empresas y favorecer su futura inserci\u00f3n laboral.<\/p>\n","protected":false},"author":2,"featured_media":0,"comment_status":"closed","ping_status":"open","sticky":false,"template":"","format":"standard","meta":{"_monsterinsights_skip_tracking":false,"_monsterinsights_sitenote_active":false,"_monsterinsights_sitenote_note":"","_monsterinsights_sitenote_category":0,"footnotes":""},"categories":[6],"tags":[99,438,21,2474,47,1243,567,279],"class_list":["post-10748183","post","type-post","status-publish","format-standard","hentry","category-institucional","tag-creacion-de-empresas","tag-empleo","tag-estudiantes","tag-fundacion-universidad-pablo-de-olavide","tag-fundaciones","tag-insercion-laboral","tag-mercado-laboral","tag-taller"],"_links":{"self":[{"href":"https:\/\/www.upo.es\/diario\/wp-json\/wp\/v2\/posts\/10748183","targetHints":{"allow":["GET"]}}],"collection":[{"href":"https:\/\/www.upo.es\/diario\/wp-json\/wp\/v2\/posts"}],"about":[{"href":"https:\/\/www.upo.es\/diario\/wp-json\/wp\/v2\/types\/post"}],"author":[{"embeddable":true,"href":"https:\/\/www.upo.es\/diario\/wp-json\/wp\/v2\/users\/2"}],"replies":[{"embeddable":true,"href":"https:\/\/www.upo.es\/diario\/wp-json\/wp\/v2\/comments?post=10748183"}],"version-history":[{"count":3,"href":"https:\/\/www.upo.es\/diario\/wp-json\/wp\/v2\/posts\/10748183\/revisions"}],"predecessor-version":[{"id":10748185,"href":"https:\/\/www.upo.es\/diario\/wp-json\/wp\/v2\/posts\/10748183\/revisions\/10748185"}],"wp:attachment":[{"href":"https:\/\/www.upo.es\/diario\/wp-json\/wp\/v2\/media?parent=10748183"}],"wp:term":[{"taxonomy":"category","embeddable":true,"href":"https:\/\/www.upo.es\/diario\/wp-json\/wp\/v2\/categories?post=10748183"},{"taxonomy":"post_tag","embeddable":true,"href":"https:\/\/www.upo.es\/diario\/wp-json\/wp\/v2\/tags?post=10748183"}],"curies":[{"name":"wp","href":"https:\/\/api.w.org\/{rel}","templated":true}]}}