{"id":10748889,"date":"2015-10-13T06:00:35","date_gmt":"2015-10-13T06:00:35","guid":{"rendered":"https:\/\/www.upo.es\/diario\/?p=10748889"},"modified":"2015-10-13T07:20:50","modified_gmt":"2015-10-13T07:20:50","slug":"el-publico-se-sumerge-en-este-bosque-interminable-que-te-recuerda-que-eres-parte-de-la-naturaleza","status":"publish","type":"post","link":"https:\/\/www.upo.es\/diario\/entrevista\/2015\/10\/el-publico-se-sumerge-en-este-bosque-interminable-que-te-recuerda-que-eres-parte-de-la-naturaleza\/","title":{"rendered":"\u00abEl p\u00fablico se sumerge en este bosque interminable que te recuerda que eres parte de la naturaleza\u00bb"},"content":{"rendered":"<figure id=\"attachment_10748890\" aria-describedby=\"caption-attachment-10748890\" style=\"width: 600px\" class=\"wp-caption aligncenter\"><a href=\"https:\/\/www.upo.es\/diario\/wp-content\/uploads\/2015\/10\/Rinat_Izhak_retrato.jpg\"><img loading=\"lazy\" decoding=\"async\" class=\"size-large wp-image-10748890\" alt=\"La artista Rinat Izhak \" src=\"https:\/\/www.upo.es\/diario\/wp-content\/uploads\/2015\/10\/Rinat_Izhak_retrato-600x339.jpg\" width=\"600\" height=\"339\" srcset=\"https:\/\/www.upo.es\/diario\/wp-content\/uploads\/2015\/10\/Rinat_Izhak_retrato-600x339.jpg 600w, https:\/\/www.upo.es\/diario\/wp-content\/uploads\/2015\/10\/Rinat_Izhak_retrato-320x180.jpg 320w\" sizes=\"auto, (max-width: 600px) 100vw, 600px\" \/><\/a><figcaption id=\"caption-attachment-10748890\" class=\"wp-caption-text\">La artista Rinat Izhak<\/figcaption><\/figure>\n<p><b>El edificio Alexander von Humboldt de la Universidad Pablo de Olavide alberga hasta el 30 de octubre la instalaci\u00f3n art\u00edstica \u201cMirar m\u00e1s all\u00e1 de lo que vemos\u201d, una obra que recrea un bosque de 200 metros en este lugar que combina los elementos arquitect\u00f3nicos y la naturaleza, y que se refleja en una cristalera de 17 metros. Su creadora, la artista israel\u00ed Rinat Izhak, nos describe en esta entrevista este bosque que habla de paz y naturaleza.<\/b><\/p>\n<p><b>\u00a0<\/b><\/p>\n<p><b>\u00bfQu\u00e9 quiere expresar con esta obra?<\/b><b>\u00a0<\/b><\/p>\n<p>Principalmente me he fijado en la naturaleza. Somos parte de ella, la naturaleza es vida y tenemos que protegerla. La primera vez que vine a la Universidad Pablo de Olavide me llam\u00f3 la atenci\u00f3n la riqueza natural que la rodea. Lo que quiero expresar con esta obra es que tenemos que observarla, tenemos que cuidarla, tenemos que valorarla. Estar aqu\u00ed y poder pasear en este entorno es un privilegio.<\/p>\n<p><b>\u00a0<\/b><b>\u00bfC\u00f3mo surgi\u00f3 la idea?<\/b><b>\u00a0<\/b><\/p>\n<p>Cuando buscamos un lugar para exponer en el \u201cII Encuentro Mil formas de mirar y hacer. Artes y Educaci\u00f3n\u201d paseamos por todo el campus y vimos muchos sitios, pero ninguno me convenc\u00eda. Entonces, nos sentamos en un banco del edificio Alexander von Humboldt, frente a una cristalera. Yo no paraba de mirar el paisaje que reflejaba la cristalera, mi mirada buceaba en la naturaleza detr\u00e1s de m\u00ed y entonces las columnas se trasformaron en \u00e1rboles. Lo vi claro: quise hacer real la imagen que vi reflejada y crear el bosque que vi en mi imaginaci\u00f3n.<\/p>\n<p><b>\u00bfC\u00f3mo ha sido el proceso creativo?<\/b><\/p>\n<p>En esta obra he jugado con muchos elementos. El papel de los \u00e1rboles es trasl\u00facido y he empleado la tinta china, de manera que la luz natural que va cambiando a lo largo del d\u00eda tambi\u00e9n va cambiando la obra. Quise poner los troncos de los \u00e1rboles en la superficie de piedras para jugar con el reflejo del cristal, y crear as\u00ed otro espacio con este reflejo. La barandilla es de metal, as\u00ed que a\u00f1ad\u00ed tonos verdes con hojas de palmeras. Despu\u00e9s pens\u00e9 \u00bfy por qu\u00e9 no ponemos texto? La poes\u00eda me encanta, as\u00ed que ped\u00ed ayuda a mis amigos, que me mandaron algunos textos. Finalmente eleg\u00ed un peque\u00f1o poema de Lola Garc\u00eda Espinares. Con ayuda de mi asistenta Paula P\u00e9rez de Vargas Segovia, artista de las palabras, redujimos el texto de Lola para que, en pocas palabras pudi\u00e9ramos decir mucho, como esta obra. As\u00ed le pudimos dar una sorpresa a Lola, que no supo que hab\u00eda elegido su poema hasta el momento de la inauguraci\u00f3n. Desde dentro del edificio puedes leer la poes\u00eda, que enmarca el bosque que se ve a trav\u00e9s del cristal, y desde fuera puedes ver el mismo poema escrito del rev\u00e9s y que evoca las copas de los \u00e1rboles. Para implicar a\u00fan m\u00e1s al p\u00fablico, coloqu\u00e9 un espejo en una columna donde el visitante se refleja y se sumerge en este bosque interminable que te recuerda que eres parte de la naturaleza, que la naturaleza es vida y que necesita ser protegida.<\/p>\n<p><b>El espectador entonces se implica en su obra a trav\u00e9s de esas m\u00faltiples miradas \u00bfPor qu\u00e9 para usted es tan importante la participaci\u00f3n del p\u00fablico?<\/b><b>\u00a0<\/b><\/p>\n<p>Al hacer que la gente participe empieza a formar parte de la obra, entonces adquieren una experiencia. Realmente se trata de buscar dentro de la obra y encontrar y sacar tu propio artista, despertar la creatividad, una experiencia realmente bonita. Una de las actividades programadas en el II Encuentro \u201cMil Formas de Mirar y Hacer: Artes y Educaci\u00f3n\u201d era una visita interactiva a la instalaci\u00f3n art\u00edstica. Durante la misma, las personas asistentes interactuaron con la obra y dejaron sus personales \u201cmiradas\u201d en una galer\u00eda de fotos virtual, que sigue activa y en la que los interesados pueden seguir participando subiendo sus fotos a una p\u00e1gina de Facebook que hemos llamado <a href=\"https:\/\/www.facebook.com\/mirarmasalladeloquevemos\">\u00abMirar m\u00e1s all\u00e1 de lo que vemos\u00bb<\/a>\u00a0y\u00a0que creamos para la ocasi\u00f3n.<b>\u00a0<\/b><\/p>\n<p><b>\u00bfQu\u00e9 otros temas le inspiran adem\u00e1s de la naturaleza?<\/b><\/p>\n<p>En toda mi carrera me han inspirado dos temas: la naturaleza y la sociedad. Junto a la naturaleza, esta obra tambi\u00e9n evoca otra de mis inquietudes: la necesidad de la humanidad de vivir en paz.\u00a0 Los troncos de \u00e1rboles parecen personas, me trasmiten paz, memoria, tranquilidad, que trasmite la esperanza de tener un mundo mejor.<b>\u00a0<\/b><\/p>\n<p><b>\u00bfC\u00f3mo se define como artista?<\/b><b>\u00a0<\/b><\/p>\n<p>Soy una artista que utilizo toda mi experiencia de mi vida personal y de mis estudios: hago lo que me pide la obra, utilizando mi conocimiento de arquitecta, dise\u00f1adora gr\u00e1fica, artista y busco la mejor manera para expresarla dise\u00f1ando expresamente para el sitio en el que se va a exponer mi obra. Lo que veo lo materializo. Despu\u00e9s de sorprenderme a mi misma, puedo confirmar que mis visiones se hacen realidad.<b>\u00a0<\/b><\/p>\n<p><b>\u00bfCu\u00e1les son sus pr\u00f3ximos proyectos?<\/b><\/p>\n<p>Del 16 de octubre al 26 de noviembre, en el Baluarte de la Candelaria, en C\u00e1diz, podr\u00e1 visitarse mi exposici\u00f3n \u201cSeres Invisibles\u201d, que forma parte del Proyecto Atalaya de la UPO \u201cArte y Compromiso\u201d. Se trata de pinturas inspiradas en las guerras que ide\u00e9 en 2014 por el conflicto entre jud\u00edos y palestinos. De las guerras siempre nos llegan cifras. Pero detr\u00e1s de cada n\u00famero hay un ser que un d\u00eda tuvo una vida, una familia, personas que le quer\u00edan y a las que querer, con las que ya no podr\u00e1 cumplir ninguno de sus deseos para el futuro. En cada n\u00famero se esconde un ser invisible, atrapado en una cifra. Con esta exposici\u00f3n quiero hacer visible la esencia de cada una de estas personas an\u00f3nimas.<\/p>\n<p>Esta exposici\u00f3n ser\u00e1 una continuaci\u00f3n de \u201cMirar m\u00e1s all\u00e1 de los que vemos\u201d, no s\u00f3lo porque ambas son acciones vinculadas al Proyecto Atalaya coordinado por la UPO y ambas nacen de m\u00ed como creadora, sino tambi\u00e9n porque la experiencia vivida durante la inauguraci\u00f3n de \u201cMirar m\u00e1s all\u00e1 de los que vemos\u201d qued\u00f3 grabada, y esas im\u00e1genes formar\u00e1n parte de la experiencia en la que os invitamos a participar en C\u00e1diz a trav\u00e9s de \u201cSeres Invisibles\u201d.<\/p>\n","protected":false},"excerpt":{"rendered":"<p>Entrevista a Rinat Izhak, artista israel\u00ed afincada en Sevilla y autora de la instalaci\u00f3n art\u00edstica \u201cMirar m\u00e1s all\u00e1 de lo que vemos\u201d<\/p>\n","protected":false},"author":2,"featured_media":10748891,"comment_status":"closed","ping_status":"open","sticky":false,"template":"","format":"standard","meta":{"_monsterinsights_skip_tracking":false,"_monsterinsights_sitenote_active":false,"_monsterinsights_sitenote_note":"","_monsterinsights_sitenote_category":0,"footnotes":""},"categories":[24],"tags":[265,2647,2648,345,464,2640,146],"class_list":["post-10748889","post","type-post","status-publish","format-standard","has-post-thumbnail","hentry","category-entrevista","tag-arte","tag-artista","tag-miradas","tag-naturaleza","tag-paz","tag-rinat-izhak","tag-sociedad"],"_links":{"self":[{"href":"https:\/\/www.upo.es\/diario\/wp-json\/wp\/v2\/posts\/10748889","targetHints":{"allow":["GET"]}}],"collection":[{"href":"https:\/\/www.upo.es\/diario\/wp-json\/wp\/v2\/posts"}],"about":[{"href":"https:\/\/www.upo.es\/diario\/wp-json\/wp\/v2\/types\/post"}],"author":[{"embeddable":true,"href":"https:\/\/www.upo.es\/diario\/wp-json\/wp\/v2\/users\/2"}],"replies":[{"embeddable":true,"href":"https:\/\/www.upo.es\/diario\/wp-json\/wp\/v2\/comments?post=10748889"}],"version-history":[{"count":6,"href":"https:\/\/www.upo.es\/diario\/wp-json\/wp\/v2\/posts\/10748889\/revisions"}],"predecessor-version":[{"id":10780463,"href":"https:\/\/www.upo.es\/diario\/wp-json\/wp\/v2\/posts\/10748889\/revisions\/10780463"}],"wp:featuredmedia":[{"embeddable":true,"href":"https:\/\/www.upo.es\/diario\/wp-json\/wp\/v2\/media\/10748891"}],"wp:attachment":[{"href":"https:\/\/www.upo.es\/diario\/wp-json\/wp\/v2\/media?parent=10748889"}],"wp:term":[{"taxonomy":"category","embeddable":true,"href":"https:\/\/www.upo.es\/diario\/wp-json\/wp\/v2\/categories?post=10748889"},{"taxonomy":"post_tag","embeddable":true,"href":"https:\/\/www.upo.es\/diario\/wp-json\/wp\/v2\/tags?post=10748889"}],"curies":[{"name":"wp","href":"https:\/\/api.w.org\/{rel}","templated":true}]}}