{"id":10789897,"date":"2015-10-15T00:38:29","date_gmt":"2015-10-15T00:38:29","guid":{"rendered":"https:\/\/www.upo.es\/diario\/?p=10789897"},"modified":"2015-10-15T06:55:43","modified_gmt":"2015-10-15T06:55:43","slug":"manana-en-la-upo-representacion-de-la-obra-des-velos-a-cargo-del-proyecto-socioartistico-l-amora","status":"publish","type":"post","link":"https:\/\/www.upo.es\/diario\/cultura\/2015\/10\/manana-en-la-upo-representacion-de-la-obra-des-velos-a-cargo-del-proyecto-socioartistico-l-amora\/","title":{"rendered":"Hoy en la UPO, representaci\u00f3n de la obra \u00ab(des) velos\u00bb a cargo del proyecto socioart\u00edstico l-Amora"},"content":{"rendered":"<p><span style=\"text-decoration: underline;\"><a href=\"https:\/\/www.upo.es\/diario\/wp-content\/uploads\/2015\/10\/cartel_desvelos.jpg\"><img loading=\"lazy\" decoding=\"async\" class=\"alignright size-medium wp-image-10789898\" alt=\"cartel_desvelos\" src=\"https:\/\/www.upo.es\/diario\/wp-content\/uploads\/2015\/10\/cartel_desvelos-310x320.jpg\" width=\"310\" height=\"320\" srcset=\"https:\/\/www.upo.es\/diario\/wp-content\/uploads\/2015\/10\/cartel_desvelos-310x320.jpg 310w, https:\/\/www.upo.es\/diario\/wp-content\/uploads\/2015\/10\/cartel_desvelos-582x600.jpg 582w, https:\/\/www.upo.es\/diario\/wp-content\/uploads\/2015\/10\/cartel_desvelos-600x617.jpg 600w, https:\/\/www.upo.es\/diario\/wp-content\/uploads\/2015\/10\/cartel_desvelos.jpg 1328w\" sizes=\"auto, (max-width: 310px) 100vw, 310px\" \/><\/a>Hoy jueves 15 de octubre, a las 19:00 horas en el Espacio Cultural Antigua Guarder\u00eda de la Universidad Pablo de Olavide (<\/span>ECAG), se representar\u00e1 la obra \u201c(des) velos\u201d a cargo del proyecto socioart\u00edstico l-Amora y en el marco del Programa \u201cCultura M\u00ednima\u201d de esta universidad.<\/p>\n<p>Obra de teatro y danza, <b>\u201c(des) velos\u201d<\/b> propone un encuentro con la feminidad protagonizado por \u00c1ngela S\u00e1nchez, actriz y creadora de <b>l-Amora<\/b> en su b\u00fasqueda de nuevos caminos de investigaci\u00f3n creativa y corporal con una intenci\u00f3n transformadora. Comunicar en lo profundo, en un c\u00f3digo diferente al cotidiano, que transite sin palabras. Un cambio social hacia la cooperaci\u00f3n solidaria y el amor a lo vivo. Una propuesta que no va solo a los escenarios, sino a la calle, a las aulas, a cualquier lugar donde generar un espacio de encuentro desde todos los planos del vivir. <span style=\"text-decoration: underline;\">La entrada al espect\u00e1culo tiene un precio de 4 euros<\/span>.<\/p>\n<p>Esta ser\u00e1 la primera actividad del <b>Programa \u201cCultura M\u00ednima\u201d<\/b> puesto en marcha por el Vicerrectorado de Estudiantes, Cultura y Compromiso Social, a trav\u00e9s del Servicio de Extensi\u00f3n Cultural de la Unidad de Cultura y Participaci\u00f3n Social, cuyo objetivo es abrir la ECAG a las propuestas art\u00edsticas y culturales tanto de la comunidad universitaria como de la sociedad en general.<\/p>\n<p>De esta manera, el Espacio Cultural Antigua Guarder\u00eda de la UPO se estrena como el espacio estable de la programaci\u00f3n cultural de la Olavide, acogiendo propuestas art\u00edsticas de todas las disciplinas como teatro, danza, flamenco, recitales de poes\u00eda, presentaciones de libros, o recitales en ac\u00fastico de agrupaciones musicales y solistas.<\/p>\n<p>Adem\u00e1s, el EGAC acoge el trabajo diario de las agrupaciones que conforman el Programa Artes y Formaci\u00f3n de este vicerrectorado, como el Aula de Artes Esc\u00e9nicas, Coro de la UPO, Pe\u00f1a Universitaria \u201cSentir Flamenco\u201d y la colaboraci\u00f3n desde hace a\u00f1os con el Coro South Gospel de Sevilla.<\/p>\n","protected":false},"excerpt":{"rendered":"<p>Hoy jueves 15 de octubre, a las 19:00 horas en el Espacio Cultural Antigua Guarder\u00eda de la Universidad Pablo de Olavide (ECAG), se representar\u00e1 la obra \u201c(des) velos\u201d a cargo del proyecto socioart\u00edstico l-Amora y en el marco del Programa \u201cCultura M\u00ednima\u201d de esta universidad. <\/p>\n","protected":false},"author":2,"featured_media":0,"comment_status":"closed","ping_status":"open","sticky":false,"template":"","format":"standard","meta":{"_monsterinsights_skip_tracking":false,"_monsterinsights_sitenote_active":false,"_monsterinsights_sitenote_note":"","_monsterinsights_sitenote_category":0,"footnotes":""},"categories":[7],"tags":[265,571,1960,75,2665,2664,95],"class_list":["post-10789897","post","type-post","status-publish","format-standard","hentry","category-cultura","tag-arte","tag-danza","tag-ecag","tag-extension-cultural","tag-feminidad","tag-programa-cultura-minima","tag-teatro"],"_links":{"self":[{"href":"https:\/\/www.upo.es\/diario\/wp-json\/wp\/v2\/posts\/10789897","targetHints":{"allow":["GET"]}}],"collection":[{"href":"https:\/\/www.upo.es\/diario\/wp-json\/wp\/v2\/posts"}],"about":[{"href":"https:\/\/www.upo.es\/diario\/wp-json\/wp\/v2\/types\/post"}],"author":[{"embeddable":true,"href":"https:\/\/www.upo.es\/diario\/wp-json\/wp\/v2\/users\/2"}],"replies":[{"embeddable":true,"href":"https:\/\/www.upo.es\/diario\/wp-json\/wp\/v2\/comments?post=10789897"}],"version-history":[{"count":4,"href":"https:\/\/www.upo.es\/diario\/wp-json\/wp\/v2\/posts\/10789897\/revisions"}],"predecessor-version":[{"id":10797682,"href":"https:\/\/www.upo.es\/diario\/wp-json\/wp\/v2\/posts\/10789897\/revisions\/10797682"}],"wp:attachment":[{"href":"https:\/\/www.upo.es\/diario\/wp-json\/wp\/v2\/media?parent=10789897"}],"wp:term":[{"taxonomy":"category","embeddable":true,"href":"https:\/\/www.upo.es\/diario\/wp-json\/wp\/v2\/categories?post=10789897"},{"taxonomy":"post_tag","embeddable":true,"href":"https:\/\/www.upo.es\/diario\/wp-json\/wp\/v2\/tags?post=10789897"}],"curies":[{"name":"wp","href":"https:\/\/api.w.org\/{rel}","templated":true}]}}