{"id":10798765,"date":"2015-10-16T06:39:05","date_gmt":"2015-10-16T06:39:05","guid":{"rendered":"https:\/\/www.upo.es\/diario\/?p=10798765"},"modified":"2015-10-19T12:11:56","modified_gmt":"2015-10-19T12:11:56","slug":"mas-de-200-universitarios-de-la-upo-colaboraran-a-lo-largo-del-curso-academico-en-programas-de-voluntariado","status":"publish","type":"post","link":"https:\/\/www.upo.es\/diario\/institucional\/2015\/10\/mas-de-200-universitarios-de-la-upo-colaboraran-a-lo-largo-del-curso-academico-en-programas-de-voluntariado\/","title":{"rendered":"M\u00e1s de 200 universitarios de la UPO colaborar\u00e1n a lo largo del curso acad\u00e9mico en programas de voluntariado"},"content":{"rendered":"<figure id=\"attachment_10798766\" aria-describedby=\"caption-attachment-10798766\" style=\"width: 600px\" class=\"wp-caption aligncenter\"><a href=\"https:\/\/www.upo.es\/diario\/wp-content\/uploads\/2015\/10\/jvoluntariado.jpg\"><img loading=\"lazy\" decoding=\"async\" class=\"size-large wp-image-10798766\" alt=\"En la imagen, de izquierda a derecha, Elena Ruiz, coordinadora de la Direcci\u00f3n General de Participaci\u00f3n Ciudadana y Voluntariado de la Junta de Andaluc\u00eda, y Elodia Hern\u00e1ndez Le\u00f3n, vicerrectora de Cultura y Compromiso Social de la UPO, en un momento de la inauguraci\u00f3n. \" src=\"https:\/\/www.upo.es\/diario\/wp-content\/uploads\/2015\/10\/jvoluntariado-600x339.jpg\" width=\"600\" height=\"339\" srcset=\"https:\/\/www.upo.es\/diario\/wp-content\/uploads\/2015\/10\/jvoluntariado-600x339.jpg 600w, https:\/\/www.upo.es\/diario\/wp-content\/uploads\/2015\/10\/jvoluntariado-320x180.jpg 320w\" sizes=\"auto, (max-width: 600px) 100vw, 600px\" \/><\/a><figcaption id=\"caption-attachment-10798766\" class=\"wp-caption-text\">En la imagen, de izquierda a derecha, Elena Ruiz, coordinadora de la Direcci\u00f3n General de Participaci\u00f3n Ciudadana y Voluntariado de la Junta de Andaluc\u00eda, y Elodia Hern\u00e1ndez Le\u00f3n, vicerrectora de Cultura y Compromiso Social de la UPO, en un momento de la inauguraci\u00f3n.<\/figcaption><\/figure>\n<p>M\u00e1s de 200 universitarios de la Universidad Pablo de Olavide colaborar\u00e1n a lo largo del curso acad\u00e9mico 2015-2016 en distintas actividades, programas y proyectos de voluntariado. Dichos voluntarios comenzaron ayer jueves su formaci\u00f3n en las <b>Jornadas \u201cLa Universidad como espacio para la participaci\u00f3n social y el voluntariado\u201d<\/b>, un encuentro que fue inaugurado por Elodia Hern\u00e1ndez Le\u00f3n, vicerrectora de Cultura y Compromiso Social, y Elena Ruiz, coordinadora de la Direcci\u00f3n General de Participaci\u00f3n Ciudadana y Voluntariado de la Consejer\u00eda de Igualdad y Pol\u00edticas Sociales de la Junta de Andaluc\u00eda.<\/p>\n<p>De esta manera, los voluntarios podr\u00e1n colaborar a lo largo de este curso con m\u00e1s de 50 asociaciones, entidades y administraciones p\u00fablicas como Crecer con Futuro, Fundaci\u00f3n Mornese, Save the Children, Cruz Roja, Adima, Proyecto Hombre, Sevilla Acoge, Fundaci\u00f3n Enlace, o Fundaci\u00f3n Benhamin Benet, entre otras.<\/p>\n<p>Toda esta tarea est\u00e1 coordinada en la Universidad Pablo de Olavide por la <a href=\"https:\/\/www.upo.es\/upsc\/voluntariado-ps\/oficina-voluntariado\/index.jsp\">Oficina de Voluntariado y Solidaridad<\/a>, perteneciente al Vicerrectorado de Cultura y Compromiso Social, punto de encuentro entre las asociaciones y la comunidad universitaria para la promoci\u00f3n y difusi\u00f3n de programas de intervenci\u00f3n, actividades solidarias y todo lo relacionado con la acci\u00f3n voluntaria.<\/p>\n<p>La Universidad Pablo de Olavide contin\u00faa de esta manera afianzando su compromiso con el voluntariado y apostando por la formaci\u00f3n en valores de los estudiantes, fomentando as\u00ed la formaci\u00f3n integral de la persona y contribuyendo a que sean ciudadanos comprometidos con la sociedad y con el medio que les rodea.<\/p>\n<p>Las Jornadas \u201cLa Universidad como espacio para la participaci\u00f3n social y el voluntariado\u201d que se han celebrado hoy en la UPO, han sido impartidas por Germ\u00e1n Jara\u00edz Arroyo, director general de Programaci\u00f3n Cultural y Social de la UPO, y Manuel Garc\u00eda Carretero, miembro de la <a href=\"http:\/\/www.voluntariadosevilla.org\/\">Plataforma del Voluntariado Social de Sevilla<\/a>.<\/p>\n<p>&nbsp;<\/p>\n<p>&nbsp;<\/p>\n","protected":false},"excerpt":{"rendered":"<p>Los voluntarios podr\u00e1n colaborar a lo largo de este curso con m\u00e1s de 50 asociaciones, entidades y administraciones p\u00fablicas como Crecer con Futuro, Fundaci\u00f3n Mornese, Save the Children, Cruz Roja, Adima, Proyecto Hombre, Sevilla Acoge, Fundaci\u00f3n Enlace, o Fundaci\u00f3n Benhamin Benet, entre otras.<\/p>\n","protected":false},"author":2,"featured_media":0,"comment_status":"closed","ping_status":"open","sticky":false,"template":"","format":"standard","meta":{"_monsterinsights_skip_tracking":false,"_monsterinsights_sitenote_active":false,"_monsterinsights_sitenote_note":"","_monsterinsights_sitenote_category":0,"footnotes":""},"categories":[6],"tags":[1063,2629,509,84,1168,146,2667,86,1034],"class_list":["post-10798765","post","type-post","status-publish","format-standard","hentry","category-institucional","tag-accion-social","tag-compromiso","tag-formacion","tag-jornadas","tag-oficina-de-voluntariado-y-solidaridad","tag-sociedad","tag-vicerrectorado-de-cultura-y-compromiso-social","tag-voluntariado","tag-voluntarios"],"_links":{"self":[{"href":"https:\/\/www.upo.es\/diario\/wp-json\/wp\/v2\/posts\/10798765","targetHints":{"allow":["GET"]}}],"collection":[{"href":"https:\/\/www.upo.es\/diario\/wp-json\/wp\/v2\/posts"}],"about":[{"href":"https:\/\/www.upo.es\/diario\/wp-json\/wp\/v2\/types\/post"}],"author":[{"embeddable":true,"href":"https:\/\/www.upo.es\/diario\/wp-json\/wp\/v2\/users\/2"}],"replies":[{"embeddable":true,"href":"https:\/\/www.upo.es\/diario\/wp-json\/wp\/v2\/comments?post=10798765"}],"version-history":[{"count":5,"href":"https:\/\/www.upo.es\/diario\/wp-json\/wp\/v2\/posts\/10798765\/revisions"}],"predecessor-version":[{"id":10833661,"href":"https:\/\/www.upo.es\/diario\/wp-json\/wp\/v2\/posts\/10798765\/revisions\/10833661"}],"wp:attachment":[{"href":"https:\/\/www.upo.es\/diario\/wp-json\/wp\/v2\/media?parent=10798765"}],"wp:term":[{"taxonomy":"category","embeddable":true,"href":"https:\/\/www.upo.es\/diario\/wp-json\/wp\/v2\/categories?post=10798765"},{"taxonomy":"post_tag","embeddable":true,"href":"https:\/\/www.upo.es\/diario\/wp-json\/wp\/v2\/tags?post=10798765"}],"curies":[{"name":"wp","href":"https:\/\/api.w.org\/{rel}","templated":true}]}}