{"id":10807635,"date":"2015-10-16T11:41:27","date_gmt":"2015-10-16T11:41:27","guid":{"rendered":"https:\/\/www.upo.es\/diario\/?p=10807635"},"modified":"2015-10-16T11:41:54","modified_gmt":"2015-10-16T11:41:54","slug":"la-obra-des-velos-inicia-la-programacion-del-proyecto-cultura-minima-de-la-upo","status":"publish","type":"post","link":"https:\/\/www.upo.es\/diario\/cultura\/2015\/10\/la-obra-des-velos-inicia-la-programacion-del-proyecto-cultura-minima-de-la-upo\/","title":{"rendered":"La obra \u00ab(des) velos\u00bb inicia la programaci\u00f3n del proyecto \u00abCultura M\u00ednima\u00bb de la UPO"},"content":{"rendered":"<figure id=\"attachment_10807636\" aria-describedby=\"caption-attachment-10807636\" style=\"width: 240px\" class=\"wp-caption alignright\"><a href=\"https:\/\/www.upo.es\/diario\/wp-content\/uploads\/2015\/10\/desvelos.jpg\"><img loading=\"lazy\" decoding=\"async\" class=\"size-medium wp-image-10807636\" alt=\"En la imagen, la actriz \u00c1ngela S\u00e1nchez en un momento de la representaci\u00f3n de &quot;(des) velos&quot;. \" src=\"https:\/\/www.upo.es\/diario\/wp-content\/uploads\/2015\/10\/desvelos-240x320.jpg\" width=\"240\" height=\"320\" srcset=\"https:\/\/www.upo.es\/diario\/wp-content\/uploads\/2015\/10\/desvelos-240x320.jpg 240w, https:\/\/www.upo.es\/diario\/wp-content\/uploads\/2015\/10\/desvelos-450x600.jpg 450w, https:\/\/www.upo.es\/diario\/wp-content\/uploads\/2015\/10\/desvelos-600x800.jpg 600w\" sizes=\"auto, (max-width: 240px) 100vw, 240px\" \/><\/a><figcaption id=\"caption-attachment-10807636\" class=\"wp-caption-text\">En la imagen, la actriz \u00c1ngela S\u00e1nchez en un momento de la representaci\u00f3n de \u00ab(des) velos\u00bb.<\/figcaption><\/figure>\n<p>La Universidad Pablo de Olavide ha acogido la representaci\u00f3n de la obra \u201c(des) velos\u201d, una pieza del proyecto socioart\u00edstico l-Amora que ha iniciado la programaci\u00f3n del proyecto \u201cCultura M\u00ednima\u201d de esta universidad.<\/p>\n<p>Puesto en marcha por el Vicerrectorado de Estudiantes, Cultura y Compromiso Social, a trav\u00e9s del Servicio de Extensi\u00f3n Cultural de la Unidad de Cultura y Participaci\u00f3n Social, <b>\u201cCultura M\u00ednima\u201d <\/b>tiene como objetivo abrir el Espacio Cultural Antigua Guarder\u00eda a las propuestas art\u00edsticas y culturales tanto de la comunidad universitaria como de la sociedad en general.<\/p>\n<p>De esta manera, el Espacio Cultural Antigua Guarder\u00eda de la UPO (ECAG) se estrena como el espacio estable de la programaci\u00f3n cultural de la Olavide, acogiendo propuestas art\u00edsticas de todas las disciplinas como teatro, danza, flamenco, recitales de poes\u00eda, presentaciones de libros, o recitales en ac\u00fastico de agrupaciones musicales y solistas.<\/p>\n<p>Adem\u00e1s, el ECAG acoge el trabajo diario de las agrupaciones que conforman el Programa Artes y Formaci\u00f3n de este vicerrectorado, como el Aula de Artes Esc\u00e9nicas, Coro de la UPO, Pe\u00f1a Universitaria \u201cSentir Flamenco\u201d y la colaboraci\u00f3n desde hace a\u00f1os con el Coro South Gospel de Sevilla.<\/p>\n<p>Obra de teatro y danza, <b>\u201c(des) velos\u201d<\/b> propone un encuentro con la feminidad protagonizado por \u00c1ngela S\u00e1nchez, actriz y creadora de <b>l-Amora<\/b> en su b\u00fasqueda de nuevos caminos de investigaci\u00f3n creativa y corporal con una intenci\u00f3n transformadora. Comunicar en lo profundo, en un c\u00f3digo diferente al cotidiano, que transite sin palabras. Un cambio social hacia la cooperaci\u00f3n solidaria y el amor a lo vivo. Una propuesta que no va solo a los escenarios, sino a la calle, a las aulas, a cualquier lugar donde generar un espacio de encuentro desde todos los planos del vivir.<\/p>\n<p>&nbsp;<\/p>\n","protected":false},"excerpt":{"rendered":"<p>La Universidad Pablo de Olavide ha acogido la representaci\u00f3n de la obra \u201c(des) velos\u201d, una pieza del proyecto socioart\u00edstico l-Amora que ha iniciado la programaci\u00f3n del proyecto \u201cCultura M\u00ednima\u201d de esta universidad.<\/p>\n","protected":false},"author":2,"featured_media":0,"comment_status":"closed","ping_status":"open","sticky":false,"template":"","format":"standard","meta":{"_monsterinsights_skip_tracking":false,"_monsterinsights_sitenote_active":false,"_monsterinsights_sitenote_note":"","_monsterinsights_sitenote_category":0,"footnotes":""},"categories":[7],"tags":[265,571,1960,75,2665,2664,95],"class_list":["post-10807635","post","type-post","status-publish","format-standard","hentry","category-cultura","tag-arte","tag-danza","tag-ecag","tag-extension-cultural","tag-feminidad","tag-programa-cultura-minima","tag-teatro"],"_links":{"self":[{"href":"https:\/\/www.upo.es\/diario\/wp-json\/wp\/v2\/posts\/10807635","targetHints":{"allow":["GET"]}}],"collection":[{"href":"https:\/\/www.upo.es\/diario\/wp-json\/wp\/v2\/posts"}],"about":[{"href":"https:\/\/www.upo.es\/diario\/wp-json\/wp\/v2\/types\/post"}],"author":[{"embeddable":true,"href":"https:\/\/www.upo.es\/diario\/wp-json\/wp\/v2\/users\/2"}],"replies":[{"embeddable":true,"href":"https:\/\/www.upo.es\/diario\/wp-json\/wp\/v2\/comments?post=10807635"}],"version-history":[{"count":2,"href":"https:\/\/www.upo.es\/diario\/wp-json\/wp\/v2\/posts\/10807635\/revisions"}],"predecessor-version":[{"id":10807843,"href":"https:\/\/www.upo.es\/diario\/wp-json\/wp\/v2\/posts\/10807635\/revisions\/10807843"}],"wp:attachment":[{"href":"https:\/\/www.upo.es\/diario\/wp-json\/wp\/v2\/media?parent=10807635"}],"wp:term":[{"taxonomy":"category","embeddable":true,"href":"https:\/\/www.upo.es\/diario\/wp-json\/wp\/v2\/categories?post=10807635"},{"taxonomy":"post_tag","embeddable":true,"href":"https:\/\/www.upo.es\/diario\/wp-json\/wp\/v2\/tags?post=10807635"}],"curies":[{"name":"wp","href":"https:\/\/api.w.org\/{rel}","templated":true}]}}