{"id":1081799,"date":"2013-06-25T06:00:00","date_gmt":"2013-06-25T06:00:00","guid":{"rendered":"https:\/\/www.upo.es\/diario\/?p=1081799"},"modified":"2013-06-26T06:07:13","modified_gmt":"2013-06-26T06:07:13","slug":"mas-de-100-ninos-participan-desde-hoy-en-la-escuela-deportiva-de-verano-y-en-la-pequescuela-de-la-upo","status":"publish","type":"post","link":"https:\/\/www.upo.es\/diario\/institucional\/2013\/06\/mas-de-100-ninos-participan-desde-hoy-en-la-escuela-deportiva-de-verano-y-en-la-pequescuela-de-la-upo\/","title":{"rendered":"M\u00e1s de 100 ni\u00f1os participan en la Escuela Deportiva de Verano y en la Pequescuela de la UPO"},"content":{"rendered":"<figure id=\"attachment_1081800\" aria-describedby=\"caption-attachment-1081800\" style=\"width: 320px\" class=\"wp-caption alignright\"><a href=\"https:\/\/www.upo.es\/diario\/wp-content\/uploads\/2013\/06\/Escuela_Verano.jpg\"><img loading=\"lazy\" decoding=\"async\" class=\"size-medium wp-image-1081800\" alt=\"Los ni\u00f1os han participado esta ma\u00f1ana en un taller de artes marciales.\" src=\"https:\/\/www.upo.es\/diario\/wp-content\/uploads\/2013\/06\/Escuela_Verano-320x208.jpg\" width=\"320\" height=\"208\" srcset=\"https:\/\/www.upo.es\/diario\/wp-content\/uploads\/2013\/06\/Escuela_Verano-320x208.jpg 320w, https:\/\/www.upo.es\/diario\/wp-content\/uploads\/2013\/06\/Escuela_Verano-1024x667.jpg 1024w, https:\/\/www.upo.es\/diario\/wp-content\/uploads\/2013\/06\/Escuela_Verano-600x390.jpg 600w\" sizes=\"auto, (max-width: 320px) 100vw, 320px\" \/><\/a><figcaption id=\"caption-attachment-1081800\" class=\"wp-caption-text\">Los ni\u00f1os participaron en un taller de artes marciales.<\/figcaption><\/figure>\n<p>Esta semana ha dado comienzo la IX edici\u00f3n de la <b>Escuela Deportiva de Verano<\/b> y la I edici\u00f3n de la <b>Pequescuela <\/b>de la Universidad Pablo de Olavide, una actividad que cuenta con la participaci\u00f3n de un total de 136 ni\u00f1os de entre 3 y 12 a\u00f1os que, a lo largo de cinco semanas, participar\u00e1n en un completo programa de actividades deportivas y culturales dise\u00f1adas por la UPO.<\/p>\n<p>La Universidad Pablo de Olavide pretende as\u00ed fomentar entre los m\u00e1s peque\u00f1os los estilos de vida saludables a trav\u00e9s del deporte y de actividades culturales, l\u00fadicas y creativas, al mismo tiempo que se contribuye a la conciliaci\u00f3n de la vida laboral y familiar de sus padres. La Escuela Deportiva de Verano, destinada a ni\u00f1os de entre 6 y 12 a\u00f1os, contar\u00e1 con la participaci\u00f3n de 81 ni\u00f1os, mientras que en la PequescuelaDeportiva de Verano, que este a\u00f1o celebra su primera edici\u00f3n, participar\u00e1n un total de 55 ni\u00f1os con edades comprendidas entre los 3 y 5 a\u00f1os. A su vez, los ni\u00f1os de la Escuela Deportiva se dividen en dos grupos, los \u201cSaltimbanco\u201d, compuesto por ni\u00f1os de 6 a 8 a\u00f1os y los \u201cDrali\u00f3n\u201d, compuesto por ni\u00f1os de 9 a 12 a\u00f1os.<\/p>\n<p>Este a\u00f1o, tanto la Escuela como la Pequescuela Deportiva de Verano se presentan bajo la tem\u00e1tica \u201cEl circo\u201d. Entre las actividades previstas en la novena edici\u00f3n de la Escuela de Verano est\u00e1n la pr\u00e1ctica de actividades gimn\u00e1sticas y acrob\u00e1ticas, artes marciales, deportes en equipo as\u00ed como la participaci\u00f3n en talleres y distintos tipos de juegos. Adem\u00e1s, este a\u00f1o se incorpora como novedad la pr\u00e1ctica del patinaje y la instalaci\u00f3n de un parque multiaventura. Por su parte, la Pequescuela ofrece a los m\u00e1s peque\u00f1os talleres de reciclaje y de magia, deportes alternativos, actividades circenses y proyecci\u00f3n de cine, entre otras actividades.<\/p>\n<p>Tanto en la Escuela Deportiva de Verano como la Pequescuela participan los hijos de miembros de la Universidad Pablo de Olavide \u2013el 90 por ciento- y tambi\u00e9n hijos de vecinos del entorno, pues esta iniciativa del Servicio de Deportes (SDUPO) nace con la intenci\u00f3n de facilitar la conciliaci\u00f3n de vida laboral y familiar del personal de la Universidad y del entorno en este mes de vacaciones para los ni\u00f1os, y con el fin de que \u00e9stos se diviertan, se relacionen y adquieran un h\u00e1bito deportivo.<\/p>\n<p>Las actividades de la Escuela Deportiva\u00a0 y de la Pequescuela de Verano de la Universidad Pablo de Olavide se celebran de 9.00 a 14.00 de lunes a viernes, desde el 24 de junio al 26 de julio. Tambi\u00e9n hay un servicio de ludoteca de 8.00 a 9.00 horas y de 14.00 a 15.00 horas. El programa ha sido confeccionado por el Vicerrectorado de Estudiantes, Deporte y Medio Ambiente a trav\u00e9s del Servicio de Deportes de la UPO, que supervisa el programa diario de trabajo.<\/p>\n<p>En el desarrollo de las actividades participa el personal del Servicio de Deportes con experiencia en actividades de tiempo libre, recreaci\u00f3n, animaci\u00f3n y ocio. Asimismo, el Servicio de Prevenci\u00f3n de Riesgos Laborales de la UPO presta la asistencia sanitaria necesaria durante el periodo de celebraci\u00f3n de la IX Escuela Deportiva y la Pequescuela de Verano de la UPO.<\/p>\n","protected":false},"excerpt":{"rendered":"<p>Esta semana ha dado comienzo la IX edici\u00f3n de la Escuela Deportiva de Verano y la I edici\u00f3n de la Pequescuela de la Universidad Pablo de Olavide, una actividad que cuenta con la participaci\u00f3n de un total de 136 ni\u00f1os de entre 3 y 12 a\u00f1os que, a lo largo de cinco semanas, participar\u00e1n en un completo programa de actividades deportivas y culturales dise\u00f1adas por la UPO. <\/p>\n","protected":false},"author":2,"featured_media":0,"comment_status":"closed","ping_status":"open","sticky":false,"template":"","format":"standard","meta":{"_monsterinsights_skip_tracking":false,"_monsterinsights_sitenote_active":false,"_monsterinsights_sitenote_note":"","_monsterinsights_sitenote_category":0,"footnotes":""},"categories":[6],"tags":[231,721,583,722,232,492,549,442],"class_list":["post-1081799","post","type-post","status-publish","format-standard","hentry","category-institucional","tag-deportes-2","tag-escuela-deportiva","tag-ninos","tag-pequescuela","tag-sdupo","tag-servicio-de-deportes","tag-talleres","tag-vicerrectorado"],"_links":{"self":[{"href":"https:\/\/www.upo.es\/diario\/wp-json\/wp\/v2\/posts\/1081799","targetHints":{"allow":["GET"]}}],"collection":[{"href":"https:\/\/www.upo.es\/diario\/wp-json\/wp\/v2\/posts"}],"about":[{"href":"https:\/\/www.upo.es\/diario\/wp-json\/wp\/v2\/types\/post"}],"author":[{"embeddable":true,"href":"https:\/\/www.upo.es\/diario\/wp-json\/wp\/v2\/users\/2"}],"replies":[{"embeddable":true,"href":"https:\/\/www.upo.es\/diario\/wp-json\/wp\/v2\/comments?post=1081799"}],"version-history":[{"count":8,"href":"https:\/\/www.upo.es\/diario\/wp-json\/wp\/v2\/posts\/1081799\/revisions"}],"predecessor-version":[{"id":1081803,"href":"https:\/\/www.upo.es\/diario\/wp-json\/wp\/v2\/posts\/1081799\/revisions\/1081803"}],"wp:attachment":[{"href":"https:\/\/www.upo.es\/diario\/wp-json\/wp\/v2\/media?parent=1081799"}],"wp:term":[{"taxonomy":"category","embeddable":true,"href":"https:\/\/www.upo.es\/diario\/wp-json\/wp\/v2\/categories?post=1081799"},{"taxonomy":"post_tag","embeddable":true,"href":"https:\/\/www.upo.es\/diario\/wp-json\/wp\/v2\/tags?post=1081799"}],"curies":[{"name":"wp","href":"https:\/\/api.w.org\/{rel}","templated":true}]}}