{"id":10832934,"date":"2015-10-19T10:17:01","date_gmt":"2015-10-19T10:17:01","guid":{"rendered":"https:\/\/www.upo.es\/diario\/?p=10832934"},"modified":"2015-10-19T10:17:01","modified_gmt":"2015-10-19T10:17:01","slug":"sobresaliente-cum-laude-para-la-tesis-el-acceso-a-la-justicia-civil-en-supuestos-de-danos-ambientales-causados-por-grupos-transnacionales-de-sociedades-con-matrices-europeas","status":"publish","type":"post","link":"https:\/\/www.upo.es\/diario\/tesis\/2015\/10\/sobresaliente-cum-laude-para-la-tesis-el-acceso-a-la-justicia-civil-en-supuestos-de-danos-ambientales-causados-por-grupos-transnacionales-de-sociedades-con-matrices-europeas\/","title":{"rendered":"Sobresaliente Cum Laude para la tesis \u201cEl acceso a la Justicia Civil en supuestos de da\u00f1os ambientales causados por grupos transnacionales de sociedades con matrices europeas\u201d"},"content":{"rendered":"<p>El pasado viernes tuvo tenido lugar en la sala de grados del edificio 6 la defensa p\u00fablica de la tesis doctoral titulada \u00abEl acceso a la Justicia Civil en supuestos de da\u00f1os ambientales causados por grupos transnacionales de sociedades con matrices europeas\u201d, de la que es autora Laura Garc\u00eda \u00c1lvarez. Esta tesis doctoral, dirigida por los profesores Andr\u00e9s Rodr\u00edguez Benot y Alfonso Ibarra Bores, de la Universidad Pablo de Olavide, ha obtenido la calificaci\u00f3n de Sobresaliente Cum Laude y la menci\u00f3n de Doctor Internacional.<\/p>\n","protected":false},"excerpt":{"rendered":"<p>El pasado viernes tuvo tenido lugar en la sala de grados del edificio 6 la defensa p\u00fablica de la tesis doctoral titulada \u00abEl acceso a la Justicia Civil en supuestos de da\u00f1os ambientales causados por grupos transnacionales de sociedades con matrices europeas\u201d, de la que es autora Laura Garc\u00eda \u00c1lvarez. Esta tesis doctoral, dirigida por los profesores Andr\u00e9s Rodr\u00edguez Benot y Alfonso Ibarra Bores, de la Universidad Pablo de Olavide, ha obtenido la calificaci\u00f3n de Sobresaliente Cum Laude y la menci\u00f3n de Doctor Internacional. <\/p>\n","protected":false},"author":5,"featured_media":0,"comment_status":"closed","ping_status":"open","sticky":false,"template":"","format":"standard","meta":{"_monsterinsights_skip_tracking":false,"_monsterinsights_sitenote_active":false,"_monsterinsights_sitenote_note":"","_monsterinsights_sitenote_category":0,"footnotes":""},"categories":[119],"tags":[2673,87,2551,5836,491],"class_list":["post-10832934","post","type-post","status-publish","format-standard","hentry","category-tesis","tag-danos-ambientales","tag-derecho","tag-doctorado-ciencias-juridicas-y-politicas","tag-tesis","tag-upo"],"_links":{"self":[{"href":"https:\/\/www.upo.es\/diario\/wp-json\/wp\/v2\/posts\/10832934","targetHints":{"allow":["GET"]}}],"collection":[{"href":"https:\/\/www.upo.es\/diario\/wp-json\/wp\/v2\/posts"}],"about":[{"href":"https:\/\/www.upo.es\/diario\/wp-json\/wp\/v2\/types\/post"}],"author":[{"embeddable":true,"href":"https:\/\/www.upo.es\/diario\/wp-json\/wp\/v2\/users\/5"}],"replies":[{"embeddable":true,"href":"https:\/\/www.upo.es\/diario\/wp-json\/wp\/v2\/comments?post=10832934"}],"version-history":[{"count":1,"href":"https:\/\/www.upo.es\/diario\/wp-json\/wp\/v2\/posts\/10832934\/revisions"}],"predecessor-version":[{"id":10832935,"href":"https:\/\/www.upo.es\/diario\/wp-json\/wp\/v2\/posts\/10832934\/revisions\/10832935"}],"wp:attachment":[{"href":"https:\/\/www.upo.es\/diario\/wp-json\/wp\/v2\/media?parent=10832934"}],"wp:term":[{"taxonomy":"category","embeddable":true,"href":"https:\/\/www.upo.es\/diario\/wp-json\/wp\/v2\/categories?post=10832934"},{"taxonomy":"post_tag","embeddable":true,"href":"https:\/\/www.upo.es\/diario\/wp-json\/wp\/v2\/tags?post=10832934"}],"curies":[{"name":"wp","href":"https:\/\/api.w.org\/{rel}","templated":true}]}}