{"id":10833662,"date":"2015-10-20T00:01:05","date_gmt":"2015-10-20T00:01:05","guid":{"rendered":"https:\/\/www.upo.es\/diario\/?p=10833662"},"modified":"2015-10-20T12:39:19","modified_gmt":"2015-10-20T12:39:19","slug":"manana-el-sociologo-julio-carabana-impartira-la-conferencia-de-apertura-del-grado-de-sociologia-de-la-upo","status":"publish","type":"post","link":"https:\/\/www.upo.es\/diario\/institucional\/2015\/10\/manana-el-sociologo-julio-carabana-impartira-la-conferencia-de-apertura-del-grado-de-sociologia-de-la-upo\/","title":{"rendered":"El soci\u00f3logo Julio Caraba\u00f1a imparte la conferencia de apertura del grado de Sociolog\u00eda de la UPO"},"content":{"rendered":"<figure id=\"attachment_10841706\" aria-describedby=\"caption-attachment-10841706\" style=\"width: 600px\" class=\"wp-caption aligncenter\"><a href=\"https:\/\/www.upo.es\/diario\/wp-content\/uploads\/2015\/10\/juliocaraba\u00f1a1.jpg\"><img loading=\"lazy\" decoding=\"async\" class=\"size-large wp-image-10841706\" alt=\"Conferencia Julio Caraba\u00f1a\" src=\"https:\/\/www.upo.es\/diario\/wp-content\/uploads\/2015\/10\/juliocaraba\u00f1a1-600x509.jpg\" width=\"600\" height=\"509\" srcset=\"https:\/\/www.upo.es\/diario\/wp-content\/uploads\/2015\/10\/juliocaraba\u00f1a1-600x509.jpg 600w, https:\/\/www.upo.es\/diario\/wp-content\/uploads\/2015\/10\/juliocaraba\u00f1a1-320x271.jpg 320w, https:\/\/www.upo.es\/diario\/wp-content\/uploads\/2015\/10\/juliocaraba\u00f1a1.jpg 1800w\" sizes=\"auto, (max-width: 600px) 100vw, 600px\" \/><\/a><figcaption id=\"caption-attachment-10841706\" class=\"wp-caption-text\">Julio Caraba\u00f1a, catedr\u00e1tico de Sociolog\u00eda de la Universidad Complutense de Madrid.<\/figcaption><\/figure>\n<p><span style=\"text-decoration: underline;\" data-mce-mark=\"1\">Hoy martes 20 de octubre, a las 11 horas, en la sala de grados de la Biblioteca (edificio 25B) de la Universidad Pablo de Olavide<\/span>, se ha celebrado el acto de inauguraci\u00f3n del curso acad\u00e9mico 2015-16 del grado en Sociolog\u00eda con la conferencia de apertura \u201c<b>Ciclo econ\u00f3mico, pobreza y desigualdad en Espa\u00f1a<\/b>\u201d impartida por Julio Caraba\u00f1a, catedr\u00e1tico de Sociolog\u00eda de la Universidad Complutense de Madrid. El acto ha sido organizado por el Departamento de Sociolog\u00eda de la UPO.<\/p>\n<p><b>Julio Caraba\u00f1a Morales<\/b>, es licenciado en Filosof\u00eda y Letras, estudi\u00f3 Sociolog\u00eda en Colonia y Berl\u00edn y se doctor\u00f3 en la UAM en 1982.\u00a0Trabaj\u00f3 como investigador (1975-1982) en el INCIE (MEC), fue asesor en el MEC (1983) siendo ministro Jos\u00e9 M. Maravall, que lo nombr\u00f3 director (1983-86) del Centro Nacional de Investigaci\u00f3n y Documentaci\u00f3n Educativa (CIDE), donde inici\u00f3 la Evaluaci\u00f3n de la Reforma de las Ense\u00f1anzas Medias (REM) y dirigi\u00f3 la Revista de Educaci\u00f3n. Profesor de Sociolog\u00eda en la Universidad Complutense desde 1976, y ense\u00f1a como catedr\u00e1tico de Universidad en la Facultad de Educaci\u00f3n-CFP de la UCM desde 1990. Ha formado parte del Consejo de Redacci\u00f3n de varias revistas, y dirige actualmente la RES (Revista Espa\u00f1ola de Sociolog\u00eda). Es autor de \u201cEducaci\u00f3n, ocupaci\u00f3n e ingresos en la Espa\u00f1a del Siglo XX\u201d \u201cEscalas de prestigio\u201d, \u201cDos estudios sobre movilidad intergeneracional\u201d, \u201cLas desigualdades entre pa\u00edses y regiones en las pruebas PISA\u201d y de varios art\u00edculos y cap\u00edtulos de libros, la mayor parte sobre Sociolog\u00eda de la Educaci\u00f3n y sobre Movilidad Social.<\/p>\n<figure id=\"attachment_10841705\" aria-describedby=\"caption-attachment-10841705\" style=\"width: 320px\" class=\"wp-caption alignright\"><a href=\"https:\/\/www.upo.es\/diario\/wp-content\/uploads\/2015\/10\/juliocaraba\u00f1a.jpg\"><img loading=\"lazy\" decoding=\"async\" class=\"size-medium wp-image-10841705\" alt=\"Conferencia de Julio Caraba\u00f1a\" src=\"https:\/\/www.upo.es\/diario\/wp-content\/uploads\/2015\/10\/juliocaraba\u00f1a-320x215.jpg\" width=\"320\" height=\"215\" srcset=\"https:\/\/www.upo.es\/diario\/wp-content\/uploads\/2015\/10\/juliocaraba\u00f1a-320x215.jpg 320w, https:\/\/www.upo.es\/diario\/wp-content\/uploads\/2015\/10\/juliocaraba\u00f1a-600x403.jpg 600w\" sizes=\"auto, (max-width: 320px) 100vw, 320px\" \/><\/a><figcaption id=\"caption-attachment-10841705\" class=\"wp-caption-text\">El soci\u00f3logo Julio Caraba\u00f1a ha impartido la conferencia \u00bb Ciclo econ\u00f3mico, pobreza y desigualdad en Espa\u00f1a\u00bb.<\/figcaption><\/figure>\n<p>El <b>Grado en Sociolog\u00eda<\/b> de la Universidad Pablo de Olavide proporciona al estudiante la formaci\u00f3n te\u00f3rica y metodol\u00f3gica necesaria para el conocimiento cient\u00edfico de la sociedad y para contribuir al bienestar social. El futuro soci\u00f3logo ser\u00e1 capaz de analizar la evoluci\u00f3n, el cambio y las transformaciones de las sociedades contempor\u00e1neas; conocer las estructuras y el funcionamiento de las organizaciones sociales y los principales actores sociales, y dise\u00f1ar y ejecutar proyectos de investigaci\u00f3n social.<\/p>\n<p>&nbsp;<\/p>\n<p>&nbsp;<\/p>\n","protected":false},"excerpt":{"rendered":"<p>Hoy martes 20 de octubre, a las 11 horas, en la sala de grados de la Biblioteca (edificio 25B) de la Universidad Pablo de Olavide, se ha celebrado el acto de inauguraci\u00f3n del curso acad\u00e9mico 2015-16 del grado en Sociolog\u00eda con la conferencia de apertura \u201cCiclo econ\u00f3mico, pobreza y desigualdad en Espa\u00f1a\u201d impartida por Julio Caraba\u00f1a, catedr\u00e1tico de Sociolog\u00eda de la Universidad Complutense de Madrid. El acto ha sido organizado por el Departamento de Sociolog\u00eda de la UPO.<\/p>\n","protected":false},"author":4,"featured_media":0,"comment_status":"closed","ping_status":"open","sticky":false,"template":"","format":"standard","meta":{"_monsterinsights_skip_tracking":false,"_monsterinsights_sitenote_active":false,"_monsterinsights_sitenote_note":"","_monsterinsights_sitenote_category":0,"footnotes":""},"categories":[6],"tags":[227,1450,2679,2461,2678,104,2377],"class_list":["post-10833662","post","type-post","status-publish","format-standard","hentry","category-institucional","tag-conferencia","tag-departamento-de-sociologia","tag-desigualdad","tag-grado-en-sociologia","tag-pobreza","tag-sociologia","tag-universidad-complutense"],"_links":{"self":[{"href":"https:\/\/www.upo.es\/diario\/wp-json\/wp\/v2\/posts\/10833662","targetHints":{"allow":["GET"]}}],"collection":[{"href":"https:\/\/www.upo.es\/diario\/wp-json\/wp\/v2\/posts"}],"about":[{"href":"https:\/\/www.upo.es\/diario\/wp-json\/wp\/v2\/types\/post"}],"author":[{"embeddable":true,"href":"https:\/\/www.upo.es\/diario\/wp-json\/wp\/v2\/users\/4"}],"replies":[{"embeddable":true,"href":"https:\/\/www.upo.es\/diario\/wp-json\/wp\/v2\/comments?post=10833662"}],"version-history":[{"count":9,"href":"https:\/\/www.upo.es\/diario\/wp-json\/wp\/v2\/posts\/10833662\/revisions"}],"predecessor-version":[{"id":10842465,"href":"https:\/\/www.upo.es\/diario\/wp-json\/wp\/v2\/posts\/10833662\/revisions\/10842465"}],"wp:attachment":[{"href":"https:\/\/www.upo.es\/diario\/wp-json\/wp\/v2\/media?parent=10833662"}],"wp:term":[{"taxonomy":"category","embeddable":true,"href":"https:\/\/www.upo.es\/diario\/wp-json\/wp\/v2\/categories?post=10833662"},{"taxonomy":"post_tag","embeddable":true,"href":"https:\/\/www.upo.es\/diario\/wp-json\/wp\/v2\/tags?post=10833662"}],"curies":[{"name":"wp","href":"https:\/\/api.w.org\/{rel}","templated":true}]}}