{"id":10833669,"date":"2015-10-21T00:33:23","date_gmt":"2015-10-21T00:33:23","guid":{"rendered":"https:\/\/www.upo.es\/diario\/?p=10833669"},"modified":"2015-10-21T07:22:02","modified_gmt":"2015-10-21T07:22:02","slug":"manana-recorrido-por-el-poligono-sur-de-la-mano-de-la-oficina-de-la-comisionada-y-la-residencia-universitaria-flora-tristan","status":"publish","type":"post","link":"https:\/\/www.upo.es\/diario\/institucional\/2015\/10\/manana-recorrido-por-el-poligono-sur-de-la-mano-de-la-oficina-de-la-comisionada-y-la-residencia-universitaria-flora-tristan\/","title":{"rendered":"Recorrido por el Pol\u00edgono Sur de la mano de la Oficina de la Comisionada y la residencia universitaria Flora Trist\u00e1n"},"content":{"rendered":"<figure id=\"attachment_10849439\" aria-describedby=\"caption-attachment-10849439\" style=\"width: 600px\" class=\"wp-caption aligncenter\"><a href=\"https:\/\/www.upo.es\/diario\/wp-content\/uploads\/2015\/10\/Recogymkha2.jpg\"><img loading=\"lazy\" decoding=\"async\" class=\"size-large wp-image-10849439\" alt=\"Imagen de los participantes durante la Recogymkha celebrada ayer martes. \" src=\"https:\/\/www.upo.es\/diario\/wp-content\/uploads\/2015\/10\/Recogymkha2-600x424.jpg\" width=\"600\" height=\"424\" srcset=\"https:\/\/www.upo.es\/diario\/wp-content\/uploads\/2015\/10\/Recogymkha2-600x424.jpg 600w, https:\/\/www.upo.es\/diario\/wp-content\/uploads\/2015\/10\/Recogymkha2-320x226.jpg 320w\" sizes=\"auto, (max-width: 600px) 100vw, 600px\" \/><\/a><figcaption id=\"caption-attachment-10849439\" class=\"wp-caption-text\">Imagen de los participantes durante la Recogymkha celebrada ayer martes.<\/figcaption><\/figure>\n<p>El Pol\u00edgono Sur celebr\u00f3 ayer martes 20 de octubre la <b>VI Recogymkha<\/b>, un recorrido por las calles del barrio pensado para que quienes acaban de incorporarse a trabajar en la zona conozcan su realidad de la mano de las entidades que ya est\u00e1n presentes en el Pol\u00edgono Sur y de su vecindario.<\/p>\n<p>La idea surgi\u00f3 hace seis a\u00f1os,\u00a0 impulsada por la Oficina de la comisionada para el Pol\u00edgono Sur de Sevilla y la residencia universitaria Flora Trist\u00e1n de la Universidad Pablo de Olavide, como una forma de romper los prejuicios con los que a veces se acercan quienes nunca han visitado el barrio. Con el tiempo se han sumado a la organizaci\u00f3n\u00a0 entidades y residentes comprometidos con la evoluci\u00f3n positiva que est\u00e1 viviendo el Pol\u00edgono Sur y con dar a conocer esta transformaci\u00f3n al resto de la ciudad.<\/p>\n<p>El encuentro tambi\u00e9n ha ampliado sus objetivos y ya no se dirige s\u00f3lo al profesorado novel como en sus primeros a\u00f1os, sino a los profesionales de cualquier \u00e1mbito y en general a cualquier persona que quiera conocer el Pol\u00edgono Sur de primera mano.<\/p>\n<p>La bienvenida a los participantes se realiz\u00f3 en el Centro C\u00edvico el Esqueleto, quienes fueron recibidos por Elodia Hern\u00e1ndez, vicerrectora de Cultura y Compromiso Social de la UPO; Miriam D\u00edaz Rodr\u00edguez, delegada de Igualdad, Juventud y Relaciones con la Comunidad Universitaria del Ayuntamiento de Sevilla, y Mar\u00eda del Mar Gonz\u00e1lez, Comisionada para el Pol\u00edgono Sur.<\/p>\n<p>Desde este centro c\u00edvico y tras la bienvenida, salieron diez rutas a pie guiadas por un becario veterano de la Flora Trist\u00e1n y un miembro de la Oficina de la comisionada para el Pol\u00edgono Sur. Cada trayecto dur\u00f3 unas tres horas, los participantes recorrieron dos de los seis barrios que integran el Pol\u00edgono Sur y visitaron dos centros escolares y una de las barreras f\u00edsicas que lo a\u00edslan de los barrios pr\u00f3ximos. Tambi\u00e9n presentaron otros lugares de inter\u00e9s como centros de salud, polideportivos, dispositivos de empleo, zonas comerciales, asociaciones vecinales, templos o plazoletas. Durante estas rutas, gente del barrio que se ha ofrecido de forma voluntaria explicaron a los visitantes sus vivencias, la transformaci\u00f3n de los \u00faltimos a\u00f1os y sus objetivos de cara al futuro, dando voz al barrio a la hora de definirse. Las diez rutas terminaron en la calle peatonal Madre Teresa de Calcuta, a espaldas de la Flora Trist\u00e1n, con una serie de actividades participativas.<\/p>\n","protected":false},"excerpt":{"rendered":"<p>El Pol\u00edgono Sur celebr\u00f3 ayer martes 20 de octubre la VI Recogymkha, un recorrido por las calles del barrio pensado para que quienes acaban de incorporarse a trabajar en la zona conozcan su realidad de la mano de las entidades que ya est\u00e1n presentes en el Pol\u00edgono Sur y de su vecindario.<\/p>\n","protected":false},"author":2,"featured_media":0,"comment_status":"closed","ping_status":"open","sticky":false,"template":"","format":"standard","meta":{"_monsterinsights_skip_tracking":false,"_monsterinsights_sitenote_active":false,"_monsterinsights_sitenote_note":"","_monsterinsights_sitenote_category":0,"footnotes":""},"categories":[6],"tags":[1999,1064,491],"class_list":["post-10833669","post","type-post","status-publish","format-standard","hentry","category-institucional","tag-recogymkha","tag-residencia-flora-tristan","tag-upo"],"_links":{"self":[{"href":"https:\/\/www.upo.es\/diario\/wp-json\/wp\/v2\/posts\/10833669","targetHints":{"allow":["GET"]}}],"collection":[{"href":"https:\/\/www.upo.es\/diario\/wp-json\/wp\/v2\/posts"}],"about":[{"href":"https:\/\/www.upo.es\/diario\/wp-json\/wp\/v2\/types\/post"}],"author":[{"embeddable":true,"href":"https:\/\/www.upo.es\/diario\/wp-json\/wp\/v2\/users\/2"}],"replies":[{"embeddable":true,"href":"https:\/\/www.upo.es\/diario\/wp-json\/wp\/v2\/comments?post=10833669"}],"version-history":[{"count":10,"href":"https:\/\/www.upo.es\/diario\/wp-json\/wp\/v2\/posts\/10833669\/revisions"}],"predecessor-version":[{"id":10833673,"href":"https:\/\/www.upo.es\/diario\/wp-json\/wp\/v2\/posts\/10833669\/revisions\/10833673"}],"wp:attachment":[{"href":"https:\/\/www.upo.es\/diario\/wp-json\/wp\/v2\/media?parent=10833669"}],"wp:term":[{"taxonomy":"category","embeddable":true,"href":"https:\/\/www.upo.es\/diario\/wp-json\/wp\/v2\/categories?post=10833669"},{"taxonomy":"post_tag","embeddable":true,"href":"https:\/\/www.upo.es\/diario\/wp-json\/wp\/v2\/tags?post=10833669"}],"curies":[{"name":"wp","href":"https:\/\/api.w.org\/{rel}","templated":true}]}}