{"id":10842835,"date":"2015-10-21T04:02:47","date_gmt":"2015-10-21T04:02:47","guid":{"rendered":"https:\/\/www.upo.es\/diario\/?p=10842835"},"modified":"2015-10-21T07:13:53","modified_gmt":"2015-10-21T07:13:53","slug":"cine-aleman-en-la-universidad-pablo-de-olavide-con-motivo-del-25-aniversario-de-la-reunificacion","status":"publish","type":"post","link":"https:\/\/www.upo.es\/diario\/cultura\/2015\/10\/cine-aleman-en-la-universidad-pablo-de-olavide-con-motivo-del-25-aniversario-de-la-reunificacion\/","title":{"rendered":"Cine alem\u00e1n en la Universidad Pablo de Olavide con motivo del 25 aniversario de la reunificaci\u00f3n"},"content":{"rendered":"<figure id=\"attachment_10842836\" aria-describedby=\"caption-attachment-10842836\" style=\"width: 320px\" class=\"wp-caption alignright\"><img loading=\"lazy\" decoding=\"async\" class=\"size-medium wp-image-10842836\" alt=\"Berl\u00edn, 3 de octubre de 1990  \/\/ Foto: AKG \/ Bruni Meya\" src=\"https:\/\/www.upo.es\/diario\/wp-content\/uploads\/2015\/10\/109_117276-W-320x221.jpg\" width=\"320\" height=\"221\" srcset=\"https:\/\/www.upo.es\/diario\/wp-content\/uploads\/2015\/10\/109_117276-W-320x221.jpg 320w, https:\/\/www.upo.es\/diario\/wp-content\/uploads\/2015\/10\/109_117276-W-600x414.jpg 600w, https:\/\/www.upo.es\/diario\/wp-content\/uploads\/2015\/10\/109_117276-W.jpg 800w\" sizes=\"auto, (max-width: 320px) 100vw, 320px\" \/><figcaption id=\"caption-attachment-10842836\" class=\"wp-caption-text\">Berl\u00edn, 3 de octubre de 1990 \/\/ Foto: AKG \/ Bruni Meya<\/figcaption><\/figure>\n<p>Con motivo del 25 aniversario de la reunificaci\u00f3n de Alemania celebrada el pasado 3 de octubre, el \u00e1rea de Filolog\u00eda Alemana de la Universidad Pablo de Olavide, con el apoyo del Servicio Alem\u00e1n de Intercambio Acad\u00e9mico (DAAD), que cuenta con una lectora en el campus, y del Goethe Institut de Madrid, ha organizado un ciclo de cine alem\u00e1n que comienza hoy mi\u00e9rcoles 21 de octubre con la pel\u00edcula \u2018Viento del Oeste\u2019 (<i>Westwind<\/i>, 2011). La sesi\u00f3n ser\u00e1 a las 19 horas en la sala Hedera del ECAG \u2013Espacio Cultural Antigua Guarder\u00eda, a la entrada del campus\u2013, y la entrada es gratuita hasta completar aforo.<\/p>\n<p>El ciclo continuar\u00e1 hasta el 18 de noviembre, con cinco pel\u00edculas en total, tambi\u00e9n programadas los mi\u00e9rcoles, a las 19 horas en el mismo espacio: \u2018Good bye, Lenin\u2019, \u2018La calle Bornholmer\u2019, \u2018Sonnenallee\u2019 y \u2018La vida de los otros\u2019.<\/p>\n<p>&nbsp;<\/p>\n<p><b>CICLO DE CINE \u201c25 A\u00d1OS DE LA REUNIFICACI\u00d3N ALEMANA\u201d<\/b><\/p>\n<p>Universidad Pablo de Olavide, Sevilla.<br \/>\nECAG (Espacio Cultural Antigua Guarder\u00eda). Sala Hedera.<br \/>\n19 horas. V.O. con subt\u00edtulos en espa\u00f1ol<br \/>\nEntrada gratuita hasta completar aforo.<\/p>\n<p>Mi\u00e9rcoles 21 de octubre<br \/>\n<strong><i>Westwind<\/i> <\/strong>(Viento del Oeste, 2011)<\/p>\n<p>Mi\u00e9rcoles 28 de octubre<br \/>\n<strong><i>Good bye, Lenin<\/i><\/strong> (2003)<\/p>\n<p>Mi\u00e9rcoles 4 de noviembre<br \/>\n<strong><i>Bornholmer Stra\u00dfe<\/i><\/strong> (La calle Bornholmer, 2014)<\/p>\n<p>Mi\u00e9rcoles 11 de noviembre<br \/>\n<strong><i>Sonnenallee<\/i><\/strong> (1999)<\/p>\n<p>Mi\u00e9rcoles 18 de noviembre<br \/>\n<strong><i>Das Leben der anderen<\/i><\/strong> (La vida de los otros, 2005)<\/p>\n<p>&nbsp;<\/p>\n","protected":false},"excerpt":{"rendered":"<p>Cinco pel\u00edculas en V.O. con subt\u00edtulos en espa\u00f1ol programadas los mi\u00e9rcoles a las 19 horas. El ciclo comienza hoy con la pel\u00edcula \u2018Viento del Oeste\u2019 (Westwind, 2011). <\/p>\n","protected":false},"author":6,"featured_media":0,"comment_status":"closed","ping_status":"open","sticky":false,"template":"","format":"standard","meta":{"_monsterinsights_skip_tracking":false,"_monsterinsights_sitenote_active":false,"_monsterinsights_sitenote_note":"","_monsterinsights_sitenote_category":0,"footnotes":""},"categories":[7],"tags":[864,937,454,707,150],"class_list":["post-10842835","post","type-post","status-publish","format-standard","hentry","category-cultura","tag-alemania","tag-cine","tag-europa","tag-filologia","tag-historia"],"_links":{"self":[{"href":"https:\/\/www.upo.es\/diario\/wp-json\/wp\/v2\/posts\/10842835","targetHints":{"allow":["GET"]}}],"collection":[{"href":"https:\/\/www.upo.es\/diario\/wp-json\/wp\/v2\/posts"}],"about":[{"href":"https:\/\/www.upo.es\/diario\/wp-json\/wp\/v2\/types\/post"}],"author":[{"embeddable":true,"href":"https:\/\/www.upo.es\/diario\/wp-json\/wp\/v2\/users\/6"}],"replies":[{"embeddable":true,"href":"https:\/\/www.upo.es\/diario\/wp-json\/wp\/v2\/comments?post=10842835"}],"version-history":[{"count":3,"href":"https:\/\/www.upo.es\/diario\/wp-json\/wp\/v2\/posts\/10842835\/revisions"}],"predecessor-version":[{"id":10849438,"href":"https:\/\/www.upo.es\/diario\/wp-json\/wp\/v2\/posts\/10842835\/revisions\/10849438"}],"wp:attachment":[{"href":"https:\/\/www.upo.es\/diario\/wp-json\/wp\/v2\/media?parent=10842835"}],"wp:term":[{"taxonomy":"category","embeddable":true,"href":"https:\/\/www.upo.es\/diario\/wp-json\/wp\/v2\/categories?post=10842835"},{"taxonomy":"post_tag","embeddable":true,"href":"https:\/\/www.upo.es\/diario\/wp-json\/wp\/v2\/tags?post=10842835"}],"curies":[{"name":"wp","href":"https:\/\/api.w.org\/{rel}","templated":true}]}}