{"id":10842839,"date":"2015-10-20T22:10:59","date_gmt":"2015-10-20T22:10:59","guid":{"rendered":"https:\/\/www.upo.es\/diario\/?p=10842839"},"modified":"2015-10-21T13:50:16","modified_gmt":"2015-10-21T13:50:16","slug":"el-graduado-de-la-upo-emilio-martin-campeon-del-mundial-de-duatlon-celebrado-en-australia","status":"publish","type":"post","link":"https:\/\/www.upo.es\/diario\/deportes\/2015\/10\/el-graduado-de-la-upo-emilio-martin-campeon-del-mundial-de-duatlon-celebrado-en-australia\/","title":{"rendered":"El graduado de la UPO Emilio Mart\u00edn, campe\u00f3n del mundial de duatl\u00f3n celebrado en Australia"},"content":{"rendered":"<figure id=\"attachment_108428\" aria-describedby=\"caption-attachment-108428\" style=\"width: 320px\" class=\"wp-caption alignright\"><img loading=\"lazy\" decoding=\"async\" class=\"size-medium wp-image-10842840\" alt=\"emilio_martin\" src=\"https:\/\/www.upo.es\/diario\/wp-content\/uploads\/2015\/10\/emilio_martin-320x213.jpg\" width=\"320\" height=\"213\" srcset=\"https:\/\/www.upo.es\/diario\/wp-content\/uploads\/2015\/10\/emilio_martin-320x213.jpg 320w, https:\/\/www.upo.es\/diario\/wp-content\/uploads\/2015\/10\/emilio_martin.jpg 599w\" sizes=\"auto, (max-width: 320px) 100vw, 320px\" \/><figcaption id=\"caption-attachment-108428\" class=\"wp-caption-text\">Emilio Mart\u00edn ha ganado su segundo campeonato en Adelaida<\/figcaption><\/figure>\n<p>El onubense<strong> Emilio Mart\u00edn<\/strong>, graduado en Ciencias de la Actividad F\u00edsica y del Deporte de la Universidad Pablo de Olavide, ha logrado su <strong>segundo Campeonato del Mundo de Duatl\u00f3n<\/strong>, al imponerse este s\u00e1bado pasado en la prueba celebrada en Adelaida (Australia) con un tiempo de 1:47:11, con siete segundos de ventaja sobre el segundo clasificado, el franc\u00e9s Benoit Nicolas, y 57 sobre el tercero, el brit\u00e1nico Mark Buckingham.<\/p>\n<p>El andaluz ha vuelto a consolidarse como el mejor duatleta de la historia, ya que adem\u00e1s de los t\u00edtulos mundiales logrados en Adelaida y en Nancy en 2012, consigui\u00f3 la Medalla de Plata en 2013 y el bronce en 2014 en la localidad gallega de Pontevedra.<\/p>\n<p>Si en Nancy 2012 se llev\u00f3 el oro en un apretado sprint, en esta ocasi\u00f3n en Adelaida coron\u00f3 su gran carrera con unos \u00faltimos metros en los que se sab\u00eda ganador. El deportista onubense fue valiente y atac\u00f3 en la parte inicial del segmento de bicicleta tras ser uno de los duatletas que estuvo en cabeza tirando en el primer tramo de carrera.\u00a0Se march\u00f3 en solitario\u00a0y ya no pudo ser alcanzado por sus adversarios.<\/p>\n","protected":false},"excerpt":{"rendered":"<p>El onubense Emilio Mart\u00edn, graduado en Ciencias de la Actividad F\u00edsica y del Deporte de la Universidad Pablo de Olavide, ha logrado su segundo Campeonato del Mundo de Duatl\u00f3n, al imponerse este s\u00e1bado pasado en la prueba celebrada en Adelaida (Australia) con un tiempo de 1:47:11, con siete segundos de ventaja sobre el segundo clasificado, el franc\u00e9s Benoit Nicolas, y 57 sobre el tercero, el brit\u00e1nico Mark Buckingham.<\/p>\n","protected":false},"author":6,"featured_media":0,"comment_status":"closed","ping_status":"open","sticky":false,"template":"","format":"standard","meta":{"_monsterinsights_skip_tracking":false,"_monsterinsights_sitenote_active":false,"_monsterinsights_sitenote_note":"","_monsterinsights_sitenote_category":0,"footnotes":""},"categories":[30],"tags":[338,31,1159,343,1310,1331],"class_list":["post-10842839","post","type-post","status-publish","format-standard","hentry","category-deportes","tag-alta-competicion","tag-atletismo","tag-campeonato","tag-ciclismo","tag-competicion","tag-grado-en-ciencias-de-la-actividad-fisica-y-del-deporte"],"_links":{"self":[{"href":"https:\/\/www.upo.es\/diario\/wp-json\/wp\/v2\/posts\/10842839","targetHints":{"allow":["GET"]}}],"collection":[{"href":"https:\/\/www.upo.es\/diario\/wp-json\/wp\/v2\/posts"}],"about":[{"href":"https:\/\/www.upo.es\/diario\/wp-json\/wp\/v2\/types\/post"}],"author":[{"embeddable":true,"href":"https:\/\/www.upo.es\/diario\/wp-json\/wp\/v2\/users\/6"}],"replies":[{"embeddable":true,"href":"https:\/\/www.upo.es\/diario\/wp-json\/wp\/v2\/comments?post=10842839"}],"version-history":[{"count":7,"href":"https:\/\/www.upo.es\/diario\/wp-json\/wp\/v2\/posts\/10842839\/revisions"}],"predecessor-version":[{"id":10852062,"href":"https:\/\/www.upo.es\/diario\/wp-json\/wp\/v2\/posts\/10842839\/revisions\/10852062"}],"wp:attachment":[{"href":"https:\/\/www.upo.es\/diario\/wp-json\/wp\/v2\/media?parent=10842839"}],"wp:term":[{"taxonomy":"category","embeddable":true,"href":"https:\/\/www.upo.es\/diario\/wp-json\/wp\/v2\/categories?post=10842839"},{"taxonomy":"post_tag","embeddable":true,"href":"https:\/\/www.upo.es\/diario\/wp-json\/wp\/v2\/tags?post=10842839"}],"curies":[{"name":"wp","href":"https:\/\/api.w.org\/{rel}","templated":true}]}}