{"id":10851666,"date":"2015-10-22T05:05:26","date_gmt":"2015-10-22T05:05:26","guid":{"rendered":"https:\/\/www.upo.es\/diario\/?p=10851666"},"modified":"2015-10-23T11:20:34","modified_gmt":"2015-10-23T11:20:34","slug":"comisarios-de-las-mas-recientes-exposiciones-sobre-el-emperador-adriano-se-reunen-en-un-coloquio","status":"publish","type":"post","link":"https:\/\/www.upo.es\/diario\/cultura\/2015\/10\/comisarios-de-las-mas-recientes-exposiciones-sobre-el-emperador-adriano-se-reunen-en-un-coloquio\/","title":{"rendered":"Comisarios de las m\u00e1s recientes exposiciones sobre el emperador Adriano se re\u00fanen en un coloquio"},"content":{"rendered":"<div>\n<figure id=\"attachment_10163970\" aria-describedby=\"caption-attachment-10163970\" style=\"width: 600px\" class=\"wp-caption aligncenter\"><a href=\"https:\/\/www.upo.es\/diario\/wp-content\/uploads\/2015\/07\/busto_adriano.jpg\"><img loading=\"lazy\" decoding=\"async\" class=\"size-large wp-image-10163970\" alt=\"Busto del emperador Adriano.\" src=\"https:\/\/www.upo.es\/diario\/wp-content\/uploads\/2015\/07\/busto_adriano-600x331.jpg\" width=\"600\" height=\"331\" srcset=\"https:\/\/www.upo.es\/diario\/wp-content\/uploads\/2015\/07\/busto_adriano-600x331.jpg 600w, https:\/\/www.upo.es\/diario\/wp-content\/uploads\/2015\/07\/busto_adriano-320x176.jpg 320w, https:\/\/www.upo.es\/diario\/wp-content\/uploads\/2015\/07\/busto_adriano.jpg 660w\" sizes=\"auto, (max-width: 600px) 100vw, 600px\" \/><\/a><figcaption id=\"caption-attachment-10163970\" class=\"wp-caption-text\">Busto del emperador Adriano.<\/figcaption><\/figure>\n<p>El Museo Arqueol\u00f3gico de Sevilla (Plaza de Am\u00e9rica s\/n) acoge hoy jueves d\u00eda 22 y el viernes 23 de octubre el \u201c<b>Coloquio Adriano 2017: Ideas para una exposici\u00f3n (117-2017)\u201d<\/b>, un encuentro organizado por el \u00c1rea de Historia Antigua de la Universidad Pablo de Olavide, en el marco del Doctorado en Historia y Estudios Human\u00edsticos, en colaboraci\u00f3n con este museo y el Conjunto Arqueol\u00f3gico de It\u00e1lica, en el que se dar\u00e1n cita comisarios de las m\u00e1s recientes exposiciones sobre el emperador Adriano. Ana D. Navarro, directora del Museo Arqueol\u00f3gico de Sevilla, inaugurar\u00e1 este encuentro <span style=\"text-decoration: underline;\">hoy jueves 22 de octubre a las 16:00 horas<\/span>.<\/p>\n<p>As\u00ed, participar\u00e1n en este encuentro <b>Thorsten Opper<\/b> (British Museum), responsable de la muestra \u201cHadrian: Empire and Conflict\u201d (British Museum 2008); <b>Elena Calandra<\/b> (Soprintendente per i Beni Archeologici dell&#8217;Umbria) quien organiz\u00f3 la exposici\u00f3n m\u00e1s reciente \u201cAdriano e la Grecia\u201d (2014), que tuvo lugar en Villa Adriana (T\u00edvoli, Italia); <b>Annalisa Lo Monaco<\/b> y el equipo de los Museos Capitolinos (Roma, Italia) que ofrecieron la exposici\u00f3n \u201cL&#8217;et\u00e0 dell&#8217;equilibrio\u201d (2012-2013). Por \u00faltimo, la profesora <b>Milena Melfi<\/b> (Oxford University-Ashmolean Museum), quien expondr\u00e1 los resultados de las excavaciones en Adrian\u00f3polis (Albania). Estos expertos participar\u00e1n a su vez en una mesa redonda en la que se analizar\u00e1n los criterios tem\u00e1ticos y materiales en torno a los cuales se han organizado las distintas exposiciones.<\/p>\n<p>El coloquio ser\u00e1 clausurado <span style=\"text-decoration: underline;\">ma\u00f1ana viernes 23 de octubre, a las 12:00 horas<\/span>, por el rector de la UPO, Vicente Guzm\u00e1n Fluja; la directora del Museo Arqueol\u00f3gico de Sevilla, Ana D. Navarro, y el director del Conjunto Arqueol\u00f3gico de It\u00e1lica, Antonio P\u00e9rez Paz.<\/p>\n<p>En el marco de este encuentro, el viernes 23 de octubre a las 11:30 horas, se llevar\u00e1 a cabo la presentaci\u00f3n del proyecto de la exposici\u00f3n \u201cAdriano 2017. Metamorfosis: El nacimiento de una nueva Roma\u201d, a cargo del profesor de la Universidad Pablo de Olavide Juan Manuel Cort\u00e9s Copete. Dicha exposici\u00f3n se celebrar\u00e1 en Sevilla en el a\u00f1o 2017 para conmemorar el 1900\u00ba aniversario de la llegada al poder de Adriano, el nuevo emperador de familia italicense cuyo reinado marc\u00f3 \u201cel nacimiento de una nueva Roma\u201d, entendida como la suma de las identidades de todas las provincias del Imperio Romano. Al reunir a los responsables de las m\u00e1s recientes exposiciones sobre Adriano, el Coloquio Adriano 2017 pretende poner en com\u00fan su experiencia y las nuevas iniciativas que se plasmar\u00e1n en la futura exposici\u00f3n que tendr\u00e1 lugar en nuestra ciudad.<\/p>\n<p>El \u201c<b>Coloquio Adriano 2017: Ideas para una exposici\u00f3n (117-2017)\u201d<\/b> se celebra en el marco del Programa de Doctorado en Historia y Estudios Human\u00edsticos de la UPO y dentro del Proyecto de I+D+i \u201cAdriano: Im\u00e1genes de un Imperio\u201d (HAR2011-26381), subvencionado por el Ministerio de Econom\u00eda y Competitividad y dirigido por el profesor de la UPO Juan Manuel Cort\u00e9s Copete, cuyo tema de estudio es la revolucionaria concepci\u00f3n del Imperio Romano que se adivina tras las actuaciones de Adriano en las distintas provincias del imperio.<\/p>\n<p><b><a href=\"https:\/\/www.upo.es\/portal\/impe\/web\/contenido\/99eafedd-7664-11e5-8215-3fe5a96f4a88\">PROGRAMA<\/a><\/b><\/p>\n<p>&nbsp;<\/p>\n<\/div>\n<p>&nbsp;<\/p>\n<p><b>\u00a0<\/b><\/p>\n","protected":false},"excerpt":{"rendered":"<p>El Museo Arqueol\u00f3gico de Sevilla (Plaza de Am\u00e9rica s\/n) acoge hoy jueves d\u00eda 22 y el viernes 23 de octubre el \u201cColoquio Adriano 2017: Ideas para una exposici\u00f3n (117-2017)\u201d, un encuentro organizado por el \u00c1rea de Historia Antigua de la Universidad Pablo de Olavide, en el marco del Doctorado en Historia y Estudios Human\u00edsticos, en colaboraci\u00f3n con este museo y el Conjunto Arqueol\u00f3gico de It\u00e1lica, en el que se dar\u00e1n cita comisarios de las m\u00e1s recientes exposiciones sobre el emperador Adriano.<\/p>\n","protected":false},"author":2,"featured_media":0,"comment_status":"closed","ping_status":"open","sticky":false,"template":"","format":"standard","meta":{"_monsterinsights_skip_tracking":false,"_monsterinsights_sitenote_active":false,"_monsterinsights_sitenote_note":"","_monsterinsights_sitenote_category":0,"footnotes":""},"categories":[7],"tags":[603,2689,2690,2688,74,150,2691],"class_list":["post-10851666","post","type-post","status-publish","format-standard","hentry","category-cultura","tag-coloquio","tag-emperador-adriano","tag-estudios-humanisticos","tag-expertos","tag-exposiciones","tag-historia","tag-imperio-romano"],"_links":{"self":[{"href":"https:\/\/www.upo.es\/diario\/wp-json\/wp\/v2\/posts\/10851666","targetHints":{"allow":["GET"]}}],"collection":[{"href":"https:\/\/www.upo.es\/diario\/wp-json\/wp\/v2\/posts"}],"about":[{"href":"https:\/\/www.upo.es\/diario\/wp-json\/wp\/v2\/types\/post"}],"author":[{"embeddable":true,"href":"https:\/\/www.upo.es\/diario\/wp-json\/wp\/v2\/users\/2"}],"replies":[{"embeddable":true,"href":"https:\/\/www.upo.es\/diario\/wp-json\/wp\/v2\/comments?post=10851666"}],"version-history":[{"count":7,"href":"https:\/\/www.upo.es\/diario\/wp-json\/wp\/v2\/posts\/10851666\/revisions"}],"predecessor-version":[{"id":10851671,"href":"https:\/\/www.upo.es\/diario\/wp-json\/wp\/v2\/posts\/10851666\/revisions\/10851671"}],"wp:attachment":[{"href":"https:\/\/www.upo.es\/diario\/wp-json\/wp\/v2\/media?parent=10851666"}],"wp:term":[{"taxonomy":"category","embeddable":true,"href":"https:\/\/www.upo.es\/diario\/wp-json\/wp\/v2\/categories?post=10851666"},{"taxonomy":"post_tag","embeddable":true,"href":"https:\/\/www.upo.es\/diario\/wp-json\/wp\/v2\/tags?post=10851666"}],"curies":[{"name":"wp","href":"https:\/\/api.w.org\/{rel}","templated":true}]}}