{"id":10869404,"date":"2015-10-23T11:19:36","date_gmt":"2015-10-23T11:19:36","guid":{"rendered":"https:\/\/www.upo.es\/diario\/?p=10869404"},"modified":"2015-10-26T14:07:43","modified_gmt":"2015-10-26T14:07:43","slug":"comienza-la-cuenta-atras-para-la-conmemoracion-de-la-llegada-al-trono-imperial-de-adriano","status":"publish","type":"post","link":"https:\/\/www.upo.es\/diario\/cultura\/2015\/10\/comienza-la-cuenta-atras-para-la-conmemoracion-de-la-llegada-al-trono-imperial-de-adriano\/","title":{"rendered":"Comienza la cuenta atr\u00e1s para la conmemoraci\u00f3n de la llegada al trono imperial de Adriano"},"content":{"rendered":"<div>\n<figure id=\"attachment_10869405\" aria-describedby=\"caption-attachment-10869405\" style=\"width: 600px\" class=\"wp-caption aligncenter\"><a href=\"https:\/\/www.upo.es\/diario\/wp-content\/uploads\/2015\/10\/coloquio_adriano_exposicion4.jpg\"><img loading=\"lazy\" decoding=\"async\" class=\"size-large wp-image-10869405\" alt=\"En la imagen, de izquierda a derecha, el profesor de la UPO Juan Manuel Cort\u00e9s Copete; el rector de la UPO Vicente Guzm\u00e1n; la directora del Museo Arqueol\u00f3gico de Sevilla, Ana D. Navarro, y el director del Conjunto Arqueol\u00f3gico de It\u00e1lica, Antonio P\u00e9rez Paz.\" src=\"https:\/\/www.upo.es\/diario\/wp-content\/uploads\/2015\/10\/coloquio_adriano_exposicion4-600x400.jpg\" width=\"600\" height=\"400\" srcset=\"https:\/\/www.upo.es\/diario\/wp-content\/uploads\/2015\/10\/coloquio_adriano_exposicion4-600x400.jpg 600w, https:\/\/www.upo.es\/diario\/wp-content\/uploads\/2015\/10\/coloquio_adriano_exposicion4-320x213.jpg 320w\" sizes=\"auto, (max-width: 600px) 100vw, 600px\" \/><\/a><figcaption id=\"caption-attachment-10869405\" class=\"wp-caption-text\">En la imagen, de izquierda a derecha, el profesor de la UPO Juan Manuel Cort\u00e9s Copete; el rector de la UPO Vicente Guzm\u00e1n; la directora del Museo Arqueol\u00f3gico de Sevilla, Ana D. Navarro, y el director del Conjunto Arqueol\u00f3gico de It\u00e1lica, Antonio P\u00e9rez Paz.<\/figcaption><\/figure>\n<p>El rector de la Universidad Pablo de Olavide Vicente Guzm\u00e1n Fluja; la directora del Museo Arqueol\u00f3gico de Sevilla, Ana D. Navarro, y el director del Conjunto Arqueol\u00f3gico de It\u00e1lica, Antonio P\u00e9rez Paz, han clausurado en la ma\u00f1ana de hoy el <b>\u201cColoquio Adriano 2017: Ideas para una exposici\u00f3n (117-2017)\u201d<\/b>, un encuentro en el que se han dado cita comisarios de las m\u00e1s recientes exposiciones sobre el emperador Adriano.<\/p>\n<p>Al reunir a estos expertos, este coloquio ha tenido como objetivo poner en com\u00fan su experiencia y las nuevas iniciativas que se plasmar\u00e1n en la futura exposici\u00f3n que tendr\u00e1 lugar en Sevilla <b>\u201cAdriano 2017. Metamorfosis: El nacimiento de una nueva Roma\u201d.<\/b> Dicha exposici\u00f3n se celebrar\u00e1 en esta ciudad en el a\u00f1o 2017 para conmemorar el 1900\u00ba aniversario de la llegada al poder de Adriano, el nuevo emperador de familia italicense cuyo reinado marc\u00f3 \u201cel nacimiento de una nueva Roma\u201d, entendida como la suma de las identidades de todas las provincias del Imperio Romano.<\/p>\n<p>De esta manera, a lo largo de dos d\u00edas han participado en este encuentro <b>Thorsten Opper<\/b> (British Museum), responsable de la muestra \u201cHadrian: Empire and Conflict\u201d (British Museum 2008); <b>Elena Calandra<\/b> (Soprintendente per i Beni Archeologici dell&#8217;Umbria) quien organiz\u00f3 la exposici\u00f3n m\u00e1s reciente \u201cAdriano e la Grecia\u201d (2014), que tuvo lugar en Villa Adriana (T\u00edvoli, Italia); <b>Annalisa Lo Monaco<\/b> y el equipo de los Museos Capitolinos (Roma, Italia) que ofrecieron la exposici\u00f3n \u201cL&#8217;et\u00e0 dell&#8217;equilibrio\u201d (2012-2013). Por \u00faltimo, la profesora <b>Milena Melfi<\/b> (Oxford University-Ashmolean Museum), ha expuesto los resultados de las excavaciones en Adrian\u00f3polis (Albania).<\/p>\n<p>El <b>\u201cColoquio Adriano 2017: Ideas para una exposici\u00f3n (117-2017)\u201d<\/b> se ha celebrado en el marco del Programa de Doctorado en Historia y Estudios Human\u00edsticos de la UPO y dentro del Proyecto de I+D+i \u201cAdriano: Im\u00e1genes de un Imperio\u201d (HAR2011-26381), subvencionado por el Ministerio de Econom\u00eda y Competitividad y dirigido por el profesor de la UPO <b>Juan Manuel Cort\u00e9s Copete<\/b>, cuyo tema de estudio es la revolucionaria concepci\u00f3n del Imperio Romano que se adivina tras las actuaciones de Adriano en las distintas provincias del Imperio. Ha sido organizado por el \u00c1rea de Historia Antigua de la Universidad Pablo de Olavide, en el marco del Doctorado en Historia y Estudios Human\u00edsticos, en colaboraci\u00f3n con el Museo Arqueol\u00f3gico de Sevilla y el Conjunto Arqueol\u00f3gico de It\u00e1lica.<\/p>\n<p>&nbsp;<\/p>\n<\/div>\n","protected":false},"excerpt":{"rendered":"<p>El rector de la Universidad Pablo de Olavide Vicente Guzm\u00e1n Fluja; la directora del Museo Arqueol\u00f3gico de Sevilla, Ana D. Navarro, y el director del Conjunto Arqueol\u00f3gico de It\u00e1lica, Antonio P\u00e9rez Paz, han clausurado en la ma\u00f1ana de hoy el \u201cColoquio Adriano 2017: Ideas para una exposici\u00f3n (117-2017)\u201d, un encuentro en el que se han dado cita comisarios de las m\u00e1s recientes exposiciones sobre el emperador Adriano.<\/p>\n","protected":false},"author":2,"featured_media":0,"comment_status":"closed","ping_status":"open","sticky":false,"template":"","format":"standard","meta":{"_monsterinsights_skip_tracking":false,"_monsterinsights_sitenote_active":false,"_monsterinsights_sitenote_note":"","_monsterinsights_sitenote_category":0,"footnotes":""},"categories":[7],"tags":[603,2689,2690,2688,74,150,2691],"class_list":["post-10869404","post","type-post","status-publish","format-standard","hentry","category-cultura","tag-coloquio","tag-emperador-adriano","tag-estudios-humanisticos","tag-expertos","tag-exposiciones","tag-historia","tag-imperio-romano"],"_links":{"self":[{"href":"https:\/\/www.upo.es\/diario\/wp-json\/wp\/v2\/posts\/10869404","targetHints":{"allow":["GET"]}}],"collection":[{"href":"https:\/\/www.upo.es\/diario\/wp-json\/wp\/v2\/posts"}],"about":[{"href":"https:\/\/www.upo.es\/diario\/wp-json\/wp\/v2\/types\/post"}],"author":[{"embeddable":true,"href":"https:\/\/www.upo.es\/diario\/wp-json\/wp\/v2\/users\/2"}],"replies":[{"embeddable":true,"href":"https:\/\/www.upo.es\/diario\/wp-json\/wp\/v2\/comments?post=10869404"}],"version-history":[{"count":2,"href":"https:\/\/www.upo.es\/diario\/wp-json\/wp\/v2\/posts\/10869404\/revisions"}],"predecessor-version":[{"id":10897784,"href":"https:\/\/www.upo.es\/diario\/wp-json\/wp\/v2\/posts\/10869404\/revisions\/10897784"}],"wp:attachment":[{"href":"https:\/\/www.upo.es\/diario\/wp-json\/wp\/v2\/media?parent=10869404"}],"wp:term":[{"taxonomy":"category","embeddable":true,"href":"https:\/\/www.upo.es\/diario\/wp-json\/wp\/v2\/categories?post=10869404"},{"taxonomy":"post_tag","embeddable":true,"href":"https:\/\/www.upo.es\/diario\/wp-json\/wp\/v2\/tags?post=10869404"}],"curies":[{"name":"wp","href":"https:\/\/api.w.org\/{rel}","templated":true}]}}