{"id":10905940,"date":"2015-10-27T00:55:34","date_gmt":"2015-10-27T00:55:34","guid":{"rendered":"https:\/\/www.upo.es\/diario\/?p=10905940"},"modified":"2016-04-21T10:12:23","modified_gmt":"2016-04-21T10:12:23","slug":"presentados-dos-libros-sobre-la-relacion-entre-la-persona-el-derecho-y-el-poder","status":"publish","type":"post","link":"https:\/\/www.upo.es\/diario\/libros\/2015\/10\/presentados-dos-libros-sobre-la-relacion-entre-la-persona-el-derecho-y-el-poder\/","title":{"rendered":"Presentados dos libros sobre la relaci\u00f3n entre la persona, el Derecho y el poder"},"content":{"rendered":"<figure id=\"attachment_10905941\" aria-describedby=\"caption-attachment-10905941\" style=\"width: 600px\" class=\"wp-caption aligncenter\"><a href=\"https:\/\/www.upo.es\/diario\/wp-content\/uploads\/2015\/10\/present_libro_derecho0006.jpg\"><img loading=\"lazy\" decoding=\"async\" class=\"size-large wp-image-10905941\" alt=\"Presentaci\u00f3n libros\" src=\"https:\/\/www.upo.es\/diario\/wp-content\/uploads\/2015\/10\/present_libro_derecho0006-600x355.jpg\" width=\"600\" height=\"355\" srcset=\"https:\/\/www.upo.es\/diario\/wp-content\/uploads\/2015\/10\/present_libro_derecho0006-600x355.jpg 600w, https:\/\/www.upo.es\/diario\/wp-content\/uploads\/2015\/10\/present_libro_derecho0006-320x189.jpg 320w\" sizes=\"auto, (max-width: 600px) 100vw, 600px\" \/><\/a><figcaption id=\"caption-attachment-10905941\" class=\"wp-caption-text\">De izq. a dcha.: el decano de la Facultad de Derecho, Andr\u00e9s Rodr\u00edguez Benot, el rector, Vicente Guzm\u00e1n Fluja, y el profesor y coordinador de las obras, Bernardo Peri\u00f1\u00e1n G\u00f3mez.<\/figcaption><\/figure>\n<p style=\"text-align: justify;\">El rector de la Universidad Pablo de Olavide, Vicente Guzm\u00e1n Fluja, y el decano de la Facultad de Derecho, Andr\u00e9s Rodr\u00edguez Benot, han presentado esta ma\u00f1ana en la UPO los libros <b>\u201cPersona,\u00a0 Derecho y Poder en perspectiva hist\u00f3rica\u201d<\/b> y <b>\u201cEl individuo ante el conflicto entre Poder y Derecho: problemas contempor\u00e1neos\u201d<\/b>, obras coordinadas por Bernardo Peri\u00f1\u00e1n G\u00f3mez y Macarena Guerrero Lebr\u00f3n, profesores del \u00c1rea de Derecho Romano de la UPO y editadas por Comares.\u00a0 El acto ha sido organizado por el Departamento de Derecho Privado de la UPO.<\/p>\n<p><b>\u201cPersona, Derecho y Poder en perspectiva hist\u00f3rica\u201d<\/b><\/p>\n<figure id=\"attachment_10897039\" aria-describedby=\"caption-attachment-10897039\" style=\"width: 150px\" class=\"wp-caption alignright\"><a href=\"https:\/\/www.upo.es\/diario\/wp-content\/uploads\/2015\/10\/libros.jpg\"><img loading=\"lazy\" decoding=\"async\" class=\"size-thumbnail wp-image-10897039\" alt=\"Presentaci\u00f3n libros\" src=\"https:\/\/www.upo.es\/diario\/wp-content\/uploads\/2015\/10\/libros-150x150.jpg\" width=\"150\" height=\"150\" \/><\/a><figcaption id=\"caption-attachment-10897039\" class=\"wp-caption-text\">Obras coordinadas por Bernardo Peri\u00f1\u00e1n y Macarena Guerrero , profesores del \u00c1rea de Derecho Romano de la UPO..<\/figcaption><\/figure>\n<p style=\"text-align: justify;\">Este volumen recoge un conjunto de aportaciones cient\u00edficas sobre el controvertido tema de la Persona, el Derecho y el Poder, visto con la distancia que proporciona el estudio hist\u00f3rico. La amplitud del t\u00f3pico podr\u00eda llevar a desistir del empe\u00f1o de acercarse al mismo, pero es obligado enfrentarse a lo que verdaderamente interesa. La pregunta fundamental que late en el estudio es \u00bfC\u00f3mo afecta a la persona la relaci\u00f3n entre Derecho y Poder? Parece que el individuo no fuese responsable de la configuraci\u00f3n de las normas y de los equilibrios entre las fuerzas que mueven a los hombres en el curso de la historia.<\/p>\n<p style=\"text-align: justify;\"><b>\u201cEl individuo ante el conflicto entre Poder y Derecho: problemas contempor\u00e1neos\u201d<\/b><\/p>\n<p style=\"text-align: justify;\">Este libro recoge un conjunto de aportaciones que profundizan en la relaci\u00f3n entre la Persona, el Derecho y el Poder en nuestro entorno temporal. La obra aglutina contribuciones de variado enfoque, lo que permite observar desde diferentes puntos de vista este asunto. Se analizan, desde distintas perspectivas, las continuas fricciones que surgen entre el Poder y el Derecho, y el papel que en ese entramado de fuerzas ocupa el individuo. Todo ello sin olvidar que el escenario presente da protagonismo a cuestiones como la persona jur\u00eddica o las tecnolog\u00edas de la informaci\u00f3n y la comunicaci\u00f3n.<\/p>\n","protected":false},"excerpt":{"rendered":"<p>El rector de la Universidad Pablo de Olavide, Vicente Guzm\u00e1n Fluja, y el decano de la Facultad de Derecho, Andr\u00e9s Rodr\u00edguez Benot, han presentado esta ma\u00f1ana en la UPO los libros \u201cPersona,  Derecho y Poder en perspectiva hist\u00f3rica\u201d y \u201cEl individuo ante el conflicto entre Poder y Derecho: problemas contempor\u00e1neos\u201d, obras coordinadas por Bernardo Peri\u00f1\u00e1n G\u00f3mez y Macarena Guerrero Lebr\u00f3n, profesores del \u00c1rea de Derecho Romano de la UPO y editadas por Comares.  El acto ha sido organizado por el Departamento de Derecho Privado de la UPO.<\/p>\n","protected":false},"author":4,"featured_media":0,"comment_status":"closed","ping_status":"open","sticky":false,"template":"","format":"standard","meta":{"_monsterinsights_skip_tracking":false,"_monsterinsights_sitenote_active":false,"_monsterinsights_sitenote_note":"","_monsterinsights_sitenote_category":0,"footnotes":""},"categories":[77],"tags":[2709,2712,81,5835,334,38],"class_list":["post-10905940","post","type-post","status-publish","format-standard","hentry","category-libros","tag-bernardo-perinan","tag-derecho-pirvado","tag-facultad-de-derecho","tag-libros","tag-presentacion","tag-rector"],"_links":{"self":[{"href":"https:\/\/www.upo.es\/diario\/wp-json\/wp\/v2\/posts\/10905940","targetHints":{"allow":["GET"]}}],"collection":[{"href":"https:\/\/www.upo.es\/diario\/wp-json\/wp\/v2\/posts"}],"about":[{"href":"https:\/\/www.upo.es\/diario\/wp-json\/wp\/v2\/types\/post"}],"author":[{"embeddable":true,"href":"https:\/\/www.upo.es\/diario\/wp-json\/wp\/v2\/users\/4"}],"replies":[{"embeddable":true,"href":"https:\/\/www.upo.es\/diario\/wp-json\/wp\/v2\/comments?post=10905940"}],"version-history":[{"count":7,"href":"https:\/\/www.upo.es\/diario\/wp-json\/wp\/v2\/posts\/10905940\/revisions"}],"predecessor-version":[{"id":13055415,"href":"https:\/\/www.upo.es\/diario\/wp-json\/wp\/v2\/posts\/10905940\/revisions\/13055415"}],"wp:attachment":[{"href":"https:\/\/www.upo.es\/diario\/wp-json\/wp\/v2\/media?parent=10905940"}],"wp:term":[{"taxonomy":"category","embeddable":true,"href":"https:\/\/www.upo.es\/diario\/wp-json\/wp\/v2\/categories?post=10905940"},{"taxonomy":"post_tag","embeddable":true,"href":"https:\/\/www.upo.es\/diario\/wp-json\/wp\/v2\/tags?post=10905940"}],"curies":[{"name":"wp","href":"https:\/\/api.w.org\/{rel}","templated":true}]}}