{"id":10907080,"date":"2015-10-29T06:00:42","date_gmt":"2015-10-29T06:00:42","guid":{"rendered":"https:\/\/www.upo.es\/diario\/?p=10907080"},"modified":"2015-10-29T08:31:36","modified_gmt":"2015-10-29T08:31:36","slug":"manana-leccion-de-clausura-del-programa-de-doctorado-en-ciencias-juridicas-y-politicas-en-la-upo","status":"publish","type":"post","link":"https:\/\/www.upo.es\/diario\/institucional\/2015\/10\/manana-leccion-de-clausura-del-programa-de-doctorado-en-ciencias-juridicas-y-politicas-en-la-upo\/","title":{"rendered":"Javier Lasarte clausura el Doctorado en Ciencias Jur\u00eddicas y Pol\u00edticas en la UPO"},"content":{"rendered":"<figure id=\"attachment_10923308\" aria-describedby=\"caption-attachment-10923308\" style=\"width: 600px\" class=\"wp-caption aligncenter\"><a href=\"https:\/\/www.upo.es\/diario\/wp-content\/uploads\/2015\/10\/28102015-1MOT6454.jpg\"><img loading=\"lazy\" decoding=\"async\" class=\"size-large wp-image-10923308\" alt=\"Javier Lasarte durante su conferencia de clausura\" src=\"https:\/\/www.upo.es\/diario\/wp-content\/uploads\/2015\/10\/28102015-1MOT6454-600x400.jpg\" width=\"600\" height=\"400\" srcset=\"https:\/\/www.upo.es\/diario\/wp-content\/uploads\/2015\/10\/28102015-1MOT6454-600x400.jpg 600w, https:\/\/www.upo.es\/diario\/wp-content\/uploads\/2015\/10\/28102015-1MOT6454-320x213.jpg 320w\" sizes=\"auto, (max-width: 600px) 100vw, 600px\" \/><\/a><figcaption id=\"caption-attachment-10923308\" class=\"wp-caption-text\">Javier Lasarte durante su conferencia de clausura<\/figcaption><\/figure>\n<p>Javier Lasarte \u00c1lvarez, catedr\u00e1tico de Derecho tributario de la Universidad Pablo de Olavide, clausur\u00f3 ayer en la sala de grados de la Biblioteca el programa de Doctorado\u00a0en Ciencias Jur\u00eddicas y Pol\u00edticas con la conferencia<strong>\u00a0\u201cUni\u00f3n Europea y Hacienda de Espa\u00f1a\u201d<\/strong>.<\/p>\n<p>La Lecci\u00f3n de Clausura estuvo presidida por el rector Vicente Guzm\u00e1n, \u00a0el director del Departamento de Derecho p\u00fablico, Jes\u00fas Ramos Prieto, y el director del programa de doctorado, Francisco Infante Ruiz.<\/p>\n<p>El <strong>Doctorado en Ciencias Pol\u00edticas y Jur\u00eddicas<\/strong> de la UPO abarca dos grandes sectores de las ciencias sociales, Derecho y Ciencias Pol\u00edticas, incluyendo en cada uno de ellos l\u00edneas de investigaci\u00f3n muy avanzadas. As\u00ed, en este postgrado, los alumnos profundizar\u00e1n en varias ramas del Derecho penal, financiero, civil, internacional, procesal, etc., a la vez que se abordar\u00e1n otras l\u00edneas, como comunicaci\u00f3n y comportamiento pol\u00edtico, el liderazgo o el funcionamiento de las instituciones y las pol\u00edticas p\u00fablicas.<\/p>\n<p><a title=\"Clausura del Doctorado en Ciencias Jur\u00eddicas y Pol\u00edticas\" href=\"https:\/\/www.flickr.com\/photos\/pablodeolavide\/albums\/72157660487318355\" data-flickr-embed=\"true\"><img loading=\"lazy\" decoding=\"async\" alt=\"Clausura del Doctorado en Ciencias Jur\u00eddicas y Pol\u00edticas\" src=\"https:\/\/farm1.staticflickr.com\/658\/22378913870_92e95fc68b_z.jpg\" width=\"640\" height=\"427\" \/><\/a><script charset=\"utf-8\" type=\"text\/javascript\" src=\"\/\/embedr.flickr.com\/assets\/client-code.js\" async=\"\"><\/script><\/p>\n","protected":false},"excerpt":{"rendered":"<p>Javier Lasarte \u00c1lvarez, catedr\u00e1tico de Derecho tributario de la Universidad Pablo de Olavide, clausur\u00f3 ayer en la sala de grados de la Biblioteca el programa de Doctorado en Ciencias Jur\u00eddicas y Pol\u00edticas con la conferencia \u201cUni\u00f3n Europea y Hacienda de Espa\u00f1a\u201d .<\/p>\n","protected":false},"author":6,"featured_media":0,"comment_status":"closed","ping_status":"open","sticky":false,"template":"","format":"standard","meta":{"_monsterinsights_skip_tracking":false,"_monsterinsights_sitenote_active":false,"_monsterinsights_sitenote_note":"","_monsterinsights_sitenote_category":0,"footnotes":""},"categories":[6],"tags":[614,67,463,227,87,1178,973,2187,76,82,38,106],"class_list":["post-10907080","post","type-post","status-publish","format-standard","hentry","category-institucional","tag-cedep","tag-ciencias-politicas-y-de-la-administracion","tag-clausura","tag-conferencia","tag-derecho","tag-derecho-publico","tag-doctorado","tag-javier-lasarte","tag-politica","tag-postgrado","tag-rector","tag-vicente-c-guzman"],"_links":{"self":[{"href":"https:\/\/www.upo.es\/diario\/wp-json\/wp\/v2\/posts\/10907080","targetHints":{"allow":["GET"]}}],"collection":[{"href":"https:\/\/www.upo.es\/diario\/wp-json\/wp\/v2\/posts"}],"about":[{"href":"https:\/\/www.upo.es\/diario\/wp-json\/wp\/v2\/types\/post"}],"author":[{"embeddable":true,"href":"https:\/\/www.upo.es\/diario\/wp-json\/wp\/v2\/users\/6"}],"replies":[{"embeddable":true,"href":"https:\/\/www.upo.es\/diario\/wp-json\/wp\/v2\/comments?post=10907080"}],"version-history":[{"count":7,"href":"https:\/\/www.upo.es\/diario\/wp-json\/wp\/v2\/posts\/10907080\/revisions"}],"predecessor-version":[{"id":10923310,"href":"https:\/\/www.upo.es\/diario\/wp-json\/wp\/v2\/posts\/10907080\/revisions\/10923310"}],"wp:attachment":[{"href":"https:\/\/www.upo.es\/diario\/wp-json\/wp\/v2\/media?parent=10907080"}],"wp:term":[{"taxonomy":"category","embeddable":true,"href":"https:\/\/www.upo.es\/diario\/wp-json\/wp\/v2\/categories?post=10907080"},{"taxonomy":"post_tag","embeddable":true,"href":"https:\/\/www.upo.es\/diario\/wp-json\/wp\/v2\/tags?post=10907080"}],"curies":[{"name":"wp","href":"https:\/\/api.w.org\/{rel}","templated":true}]}}