{"id":10924863,"date":"2015-10-29T12:46:29","date_gmt":"2015-10-29T12:46:29","guid":{"rendered":"https:\/\/www.upo.es\/diario\/?p=10924863"},"modified":"2015-11-05T14:09:18","modified_gmt":"2015-11-05T14:09:18","slug":"la-upo-otorga-el-premio-rosario-valpuesta-al-director-argentino-santiago-mitre","status":"publish","type":"post","link":"https:\/\/www.upo.es\/diario\/institucional\/2015\/10\/la-upo-otorga-el-premio-rosario-valpuesta-al-director-argentino-santiago-mitre\/","title":{"rendered":"La UPO otorga el Premio Rosario Valpuesta al director argentino Santiago Mitre"},"content":{"rendered":"<figure id=\"attachment_10925247\" aria-describedby=\"caption-attachment-10925247\" style=\"width: 320px\" class=\"wp-caption alignleft\"><a href=\"https:\/\/www.upo.es\/diario\/wp-content\/uploads\/2015\/10\/Santiago_Mitre.jpg\"><img loading=\"lazy\" decoding=\"async\" class=\"size-medium wp-image-10925247\" alt=\"Santiago Mitre\" src=\"https:\/\/www.upo.es\/diario\/wp-content\/uploads\/2015\/10\/Santiago_Mitre-320x213.jpg\" width=\"320\" height=\"213\" srcset=\"https:\/\/www.upo.es\/diario\/wp-content\/uploads\/2015\/10\/Santiago_Mitre-320x213.jpg 320w, https:\/\/www.upo.es\/diario\/wp-content\/uploads\/2015\/10\/Santiago_Mitre.jpg 360w\" sizes=\"auto, (max-width: 320px) 100vw, 320px\" \/><\/a><figcaption id=\"caption-attachment-10925247\" class=\"wp-caption-text\">Santiago Mitre<\/figcaption><\/figure>\n<p>La Universidad Pablo de Olavide ha concedido el <b>Premio Rosario Valpuesta<\/b> al director argentino <b>Santiago Mitre<\/b>, un galard\u00f3n que este a\u00f1o celebra su segunda edici\u00f3n y que otorga esta universidad en colaboraci\u00f3n con el <b>Festival de Cine Europeo de Sevilla<\/b> (SEFF) con el fin de difundir la obra solidaria, los valores y el legado intelectual de la que fuera su rectora.<\/p>\n<p>Dotado con 3.000 euros, este premio se entrega a un cineasta de entre la selecci\u00f3n de pel\u00edculas del festival cuya obra destaque en el \u00e1mbito de la integraci\u00f3n social y promueva y difunda la protecci\u00f3n de los derechos humanos. Santiago Mitre, cuyo film \u201c<a href=\"https:\/\/www.youtube.com\/watch?v=zKbjyyIolhY\">Paulina<\/a>\u201d ser\u00e1 proyectado en la secci\u00f3n Special Screening del SEFF, encabezar\u00e1 el jurado internacional que otorgar\u00e1 los premios de la Secci\u00f3n Oficial en esta duod\u00e9cima edici\u00f3n del festival.<\/p>\n<p>Con motivo de la visita de Santiago Mitre al SEFF, el p\u00fablico tendr\u00e1 la oportunidad de charlar con este director <span style=\"text-decoration: underline;\">el lunes 9 de noviembre, a las 10:30 horas en la sala de grados del edificio 7 \u00a0de la Universidad Pablo de Olavide<\/span>, en un coloquio que se celebrar\u00e1 tras la proyecci\u00f3n de su pel\u00edcula \u201cEl estudiante\u201d. La entrada es libre hasta completar aforo.<\/p>\n<p>La obra de Santiago Mitre se acerca a los v\u00e9rtices m\u00e1s inc\u00f3modos de los temas que trata en sus pel\u00edculas, films de marcado car\u00e1cter social e universales desde su localismo. \u201cEl estudiante\u201d (2011) es un retrato sobre la universidad p\u00fablica, su funcionamiento y sobre la militancia dentro de la instituci\u00f3n. Obra a la que le sigue \u201cLos posibles\u201d (2013), codirigida con Juan Onofri Barbato, un trabajo que trata de acercar a j\u00f3venes en situaci\u00f3n de vulnerabilidad social al mundo del arte a trav\u00e9s de la danza. Su \u00faltimo film, \u201cPaulina\u201d, premiado en Cannes y San Sebasti\u00e1n, trata sobre el poder de los ideales humanos y la \u00e9tica a trav\u00e9s de la historia de una joven que lo abandona todo para ejercer de docente en una desfavorecida regi\u00f3n argentina.<\/p>\n<figure id=\"attachment_10925636\" aria-describedby=\"caption-attachment-10925636\" style=\"width: 320px\" class=\"wp-caption alignright\"><a href=\"https:\/\/www.upo.es\/diario\/wp-content\/uploads\/2015\/10\/presentacion_SEFF2015.jpg\"><img loading=\"lazy\" decoding=\"async\" class=\"size-medium wp-image-10925636\" alt=\"El SEFF ha presentado hoy jueves su programaci\u00f3n completa.\" src=\"https:\/\/www.upo.es\/diario\/wp-content\/uploads\/2015\/10\/presentacion_SEFF2015-320x152.jpg\" width=\"320\" height=\"152\" srcset=\"https:\/\/www.upo.es\/diario\/wp-content\/uploads\/2015\/10\/presentacion_SEFF2015-320x152.jpg 320w, https:\/\/www.upo.es\/diario\/wp-content\/uploads\/2015\/10\/presentacion_SEFF2015-600x285.jpg 600w\" sizes=\"auto, (max-width: 320px) 100vw, 320px\" \/><\/a><figcaption id=\"caption-attachment-10925636\" class=\"wp-caption-text\">El SEFF ha presentado hoy jueves su programaci\u00f3n completa.<\/figcaption><\/figure>\n<p>La participaci\u00f3n de la Universidad Pablo de Olavide en el Festival de Cine Europeo de Sevilla se completa con la realizaci\u00f3n de pr\u00e1cticas formativas de ocho estudiantes de la Facultad de Humanidades de la UPO, quienes realizar\u00e1n tareas dentro del departamento de relaciones p\u00fablicas y llevar\u00e1n a cabo labores de traducci\u00f3n para los encuentros con invitados extranjeros.<\/p>\n<p>El <a href=\"http:\/\/festivalcinesevilla.eu\/es\/\">Festival de Cine Europeo de Sevilla<\/a> celebra su XII Edici\u00f3n del 6 al 14 de noviembre.<\/p>\n<p>&nbsp;<\/p>\n","protected":false},"excerpt":{"rendered":"<p>La Universidad Pablo de Olavide ha concedido el Premio Rosario Valpuesta al director argentino Santiago Mitre, un galard\u00f3n que este a\u00f1o celebra su segunda edici\u00f3n y que otorga esta universidad en colaboraci\u00f3n con el Festival de Cine Europeo de Sevilla (SEFF) con el fin de difundir la obra solidaria, los valores y el legado intelectual de la que fuera su rectora.<\/p>\n","protected":false},"author":2,"featured_media":0,"comment_status":"closed","ping_status":"open","sticky":false,"template":"","format":"standard","meta":{"_monsterinsights_skip_tracking":false,"_monsterinsights_sitenote_active":false,"_monsterinsights_sitenote_note":"","_monsterinsights_sitenote_category":0,"footnotes":""},"categories":[6],"tags":[937,2718,21,1951,2015],"class_list":["post-10924863","post","type-post","status-publish","format-standard","hentry","category-institucional","tag-cine","tag-cineasta","tag-estudiantes","tag-festival-de-cine-europeo-de-sevilla","tag-premio-rosario-valpuesta"],"_links":{"self":[{"href":"https:\/\/www.upo.es\/diario\/wp-json\/wp\/v2\/posts\/10924863","targetHints":{"allow":["GET"]}}],"collection":[{"href":"https:\/\/www.upo.es\/diario\/wp-json\/wp\/v2\/posts"}],"about":[{"href":"https:\/\/www.upo.es\/diario\/wp-json\/wp\/v2\/types\/post"}],"author":[{"embeddable":true,"href":"https:\/\/www.upo.es\/diario\/wp-json\/wp\/v2\/users\/2"}],"replies":[{"embeddable":true,"href":"https:\/\/www.upo.es\/diario\/wp-json\/wp\/v2\/comments?post=10924863"}],"version-history":[{"count":6,"href":"https:\/\/www.upo.es\/diario\/wp-json\/wp\/v2\/posts\/10924863\/revisions"}],"predecessor-version":[{"id":10993042,"href":"https:\/\/www.upo.es\/diario\/wp-json\/wp\/v2\/posts\/10924863\/revisions\/10993042"}],"wp:attachment":[{"href":"https:\/\/www.upo.es\/diario\/wp-json\/wp\/v2\/media?parent=10924863"}],"wp:term":[{"taxonomy":"category","embeddable":true,"href":"https:\/\/www.upo.es\/diario\/wp-json\/wp\/v2\/categories?post=10924863"},{"taxonomy":"post_tag","embeddable":true,"href":"https:\/\/www.upo.es\/diario\/wp-json\/wp\/v2\/tags?post=10924863"}],"curies":[{"name":"wp","href":"https:\/\/api.w.org\/{rel}","templated":true}]}}