{"id":1093058,"date":"2013-06-27T05:45:23","date_gmt":"2013-06-27T05:45:23","guid":{"rendered":"https:\/\/www.upo.es\/diario\/?p=1093058"},"modified":"2013-06-27T06:30:03","modified_gmt":"2013-06-27T06:30:03","slug":"manana-se-celebra-en-la-upo-un-taller-sobre-la-gestion-del-tiempo","status":"publish","type":"post","link":"https:\/\/www.upo.es\/diario\/institucional\/2013\/06\/manana-se-celebra-en-la-upo-un-taller-sobre-la-gestion-del-tiempo\/","title":{"rendered":"Hoy se celebra en la UPO un taller sobre la Gesti\u00f3n del Tiempo"},"content":{"rendered":"<p>La Universidad Pablo de Olavide acoger\u00e1 hoy jueves, a partir de las 16.30 en el sal\u00f3n de grados del edificio 6, un taller sobre Gesti\u00f3n del Tiempo, que estar\u00e1 presidido por el secretario general de la UPO Jos\u00e9 Antonio Colmenero, en el que se transmitir\u00e1n los conceptos b\u00e1sicos en materias \u00fatiles de gesti\u00f3n de actividades y, espec\u00edficamente, en habilidades en la inversi\u00f3n de tiempo en las tareas diarias y cotidianas. Con la realizaci\u00f3n de este curso se persigue aportar herramientas de utilizaci\u00f3n al alcance de todos a fin de generar con su uso una manera exitosa de abordar las actividades diarias a realizar.<\/p>\n<p>El objetivo de este seminario, organizado por el M\u00e1ster Superior en Abogac\u00eda y el M\u00e1ster de Sistemas Integrados de Calidad y Medio Ambiente, es aportar las diversas t\u00e9cnicas y estrategias que permiten optimizar la gesti\u00f3n del tiempo, consiguiendo una mayor eficiencia con menores costes personales. Asimismo, se fijan objetivos m\u00e1s espec\u00edficos como reconocer la naturaleza del tiempo como recurso especial y conocer los ladrones del tiempo; asignar el tiempo a las tareas en funci\u00f3n de su importancia; trabajar los criterios de priorizaci\u00f3n; y planificar los tiempos de implantaci\u00f3n y auditor\u00edas.<\/p>\n<p>La metodolog\u00eda de este curso, coordinado por el consultor Ignacio Montojo de Vega, se centrar\u00e1 en el participante e incluir\u00e1 ejercicios de simulaci\u00f3n de situaciones reales, debates y resoluci\u00f3n de situaciones en grupo, aplicaciones pr\u00e1cticas a situaciones personales de los asistentes.<\/p>\n<div>\n<p>&nbsp;<\/p>\n<p><b>PROGRAMA DEL TALLER \u2018GESTI\u00d3N DEL TIEMPO\u2019<\/b><\/p>\n<\/div>\n<p><b>\u00a0<\/b><\/p>\n<p><b>1.- LA GESTI\u00d3N DEL TIEMPO<\/b><\/p>\n<p>Or\u00edgenes del Problema<br \/>\nCaracter\u00edsticas y leyes del tiempo<\/p>\n<p><b>2.- LOS LADRONES DEL TIEMPO<\/b><\/p>\n<p>La identificaci\u00f3n de los ladrones del tiempo<br \/>\nLos 24 ladrones del tiempo<br \/>\nC\u00f3mo abordar los enemigos de la gesti\u00f3n<\/p>\n<p><b>3.- \u00bfC\u00d3MO ORGANIZARSE?<\/b><\/p>\n<p>Instrumentos b\u00e1sicos:<br \/>\nLa planificaci\u00f3n<br \/>\nLa organizaci\u00f3n<br \/>\nLos criterios de importancia y urgencia<br \/>\nQu\u00e9 nos retiene<br \/>\nInstrumentos de la gesti\u00f3n del tiempo<br \/>\nLa lista maestra y la lista diaria<br \/>\nLa agenda y el cuaderno de control<\/p>\n","protected":false},"excerpt":{"rendered":"<p>El objetivo de este seminario, organizado por el M\u00e1ster Superior en Abogac\u00eda y el M\u00e1ster de Sistemas Integrados de Calidad y Medio Ambiente, es aportar las diversas t\u00e9cnicas y estrategias que permiten optimizar la gesti\u00f3n del tiempo, consiguiendo una mayor eficiencia con menores costes personales.<\/p>\n","protected":false},"author":6,"featured_media":0,"comment_status":"closed","ping_status":"open","sticky":false,"template":"","format":"standard","meta":{"_monsterinsights_skip_tracking":false,"_monsterinsights_sitenote_active":false,"_monsterinsights_sitenote_note":"","_monsterinsights_sitenote_category":0,"footnotes":""},"categories":[6],"tags":[141,118,292,279],"class_list":["post-1093058","post","type-post","status-publish","format-standard","hentry","category-institucional","tag-curso","tag-master","tag-master-superior-en-abogacia","tag-taller"],"_links":{"self":[{"href":"https:\/\/www.upo.es\/diario\/wp-json\/wp\/v2\/posts\/1093058","targetHints":{"allow":["GET"]}}],"collection":[{"href":"https:\/\/www.upo.es\/diario\/wp-json\/wp\/v2\/posts"}],"about":[{"href":"https:\/\/www.upo.es\/diario\/wp-json\/wp\/v2\/types\/post"}],"author":[{"embeddable":true,"href":"https:\/\/www.upo.es\/diario\/wp-json\/wp\/v2\/users\/6"}],"replies":[{"embeddable":true,"href":"https:\/\/www.upo.es\/diario\/wp-json\/wp\/v2\/comments?post=1093058"}],"version-history":[{"count":5,"href":"https:\/\/www.upo.es\/diario\/wp-json\/wp\/v2\/posts\/1093058\/revisions"}],"predecessor-version":[{"id":1093065,"href":"https:\/\/www.upo.es\/diario\/wp-json\/wp\/v2\/posts\/1093058\/revisions\/1093065"}],"wp:attachment":[{"href":"https:\/\/www.upo.es\/diario\/wp-json\/wp\/v2\/media?parent=1093058"}],"wp:term":[{"taxonomy":"category","embeddable":true,"href":"https:\/\/www.upo.es\/diario\/wp-json\/wp\/v2\/categories?post=1093058"},{"taxonomy":"post_tag","embeddable":true,"href":"https:\/\/www.upo.es\/diario\/wp-json\/wp\/v2\/tags?post=1093058"}],"curies":[{"name":"wp","href":"https:\/\/api.w.org\/{rel}","templated":true}]}}