{"id":10934033,"date":"2015-10-30T12:21:36","date_gmt":"2015-10-30T12:21:36","guid":{"rendered":"https:\/\/www.upo.es\/diario\/?p=10934033"},"modified":"2015-10-30T12:21:36","modified_gmt":"2015-10-30T12:21:36","slug":"el-profesorado-con-vinculacion-permanente-de-la-facultad-de-ciencias-empresariales-elegira-de-nuevo-a-sus-representantes-el-5-de-noviembre","status":"publish","type":"post","link":"https:\/\/www.upo.es\/diario\/infoupo\/2015\/10\/el-profesorado-con-vinculacion-permanente-de-la-facultad-de-ciencias-empresariales-elegira-de-nuevo-a-sus-representantes-el-5-de-noviembre\/","title":{"rendered":"El profesorado con vinculaci\u00f3n permanente de la Facultad de Ciencias Empresariales elegir\u00e1 de nuevo a sus representantes el 5 de noviembre"},"content":{"rendered":"<p>La Comisi\u00f3n Electoral de la Universidad Pablo de Olavide ha decidido <b>repetir el jueves 5 de noviembre las elecciones para la renovaci\u00f3n de los representantes del profesorado doctor con vinculaci\u00f3n permanente en la Facultad de Ciencias Empresariales<\/b> al ser emitido el pasado mi\u00e9rcoles d\u00eda 28 un voto por una persona no registrada en el censo. <b>Para el resto de sectores y juntas de centro han sido aprobadas las <a href=\"https:\/\/www.upo.es\/cms1\/export\/sites\/upo\/elecciones\/Relac_cand_electas_prov_JC_015_016-copia.pdf\">candidaturas electas provisionales<\/a><\/b>, fij\u00e1ndose el d\u00eda de hoy para posibles reclamaciones que podr\u00e1n presentarse tanto en el Registro General como a trav\u00e9s de la sede electr\u00f3nica de la Universidad. El pasado mi\u00e9rcoles resultaron elegidos, provisionalmente, los representantes en los siguientes centros y sectores:<\/p>\n<ul>\n<li>Facultad de Ciencias Empresariales, sector dem\u00e1s personal docente e investigador.<\/li>\n<li>Facultad de Derecho, sector profesorado doctor con vinculaci\u00f3n permanente.<\/li>\n<li>Facultad de Humanidades, sector profesorado doctor con vinculaci\u00f3n permanente.<\/li>\n<li>Escuela Polit\u00e9cnica Superior, sector dem\u00e1s personal docente e investigador<\/li>\n<\/ul>\n<p>El sector llamado de nuevo a elegir sus representantes de la Facultad de Ciencias Empresariales podr\u00e1 <b>votar anticipadamente hoy 30 de octubre y los d\u00edas 3 y 4 de noviembre<\/b>, en horario de <a href=\"https:\/\/www.upo.es\/registro\/sobre-la-uigr\/horario-y-ubicacion\/\">Registro General<\/a> de la Universidad. El jueves 5 de noviembre las elecciones se celebrar\u00e1n en la sala de prensa del Rectorado, primera planta, de 12 a 18 horas sin interrupci\u00f3n.<\/p>\n<p>Toda la informaci\u00f3n sobre el proceso electoral puede consultarse en <a href=\"http:\/\/www.upo.es\/elecciones\/\">www.upo.es\/elecciones\/<\/a> .<\/p>\n","protected":false},"excerpt":{"rendered":"<p>La Comisi\u00f3n Electoral de la Universidad Pablo de Olavide ha decidido repetir el jueves 5 de noviembre las elecciones para la renovaci\u00f3n de los representantes del profesorado doctor con vinculaci\u00f3n permanente en la Facultad de Ciencias Empresariales al ser emitido el pasado mi\u00e9rcoles d\u00eda 28 un voto por una persona no registrada en el censo. Para el resto de sectores y juntas de centro han sido aprobadas las candidaturas electas provisionales, fij\u00e1ndose el d\u00eda de hoy para posibles reclamaciones.<\/p>\n","protected":false},"author":6,"featured_media":0,"comment_status":"closed","ping_status":"open","sticky":false,"template":"","format":"standard","meta":{"_monsterinsights_skip_tracking":false,"_monsterinsights_sitenote_active":false,"_monsterinsights_sitenote_note":"","_monsterinsights_sitenote_category":0,"footnotes":""},"categories":[5],"tags":[69,360,199],"class_list":["post-10934033","post","type-post","status-publish","format-standard","hentry","category-infoupo","tag-elecciones","tag-facultad-de-ciencias-empresariales","tag-profesorado"],"_links":{"self":[{"href":"https:\/\/www.upo.es\/diario\/wp-json\/wp\/v2\/posts\/10934033","targetHints":{"allow":["GET"]}}],"collection":[{"href":"https:\/\/www.upo.es\/diario\/wp-json\/wp\/v2\/posts"}],"about":[{"href":"https:\/\/www.upo.es\/diario\/wp-json\/wp\/v2\/types\/post"}],"author":[{"embeddable":true,"href":"https:\/\/www.upo.es\/diario\/wp-json\/wp\/v2\/users\/6"}],"replies":[{"embeddable":true,"href":"https:\/\/www.upo.es\/diario\/wp-json\/wp\/v2\/comments?post=10934033"}],"version-history":[{"count":1,"href":"https:\/\/www.upo.es\/diario\/wp-json\/wp\/v2\/posts\/10934033\/revisions"}],"predecessor-version":[{"id":10934034,"href":"https:\/\/www.upo.es\/diario\/wp-json\/wp\/v2\/posts\/10934033\/revisions\/10934034"}],"wp:attachment":[{"href":"https:\/\/www.upo.es\/diario\/wp-json\/wp\/v2\/media?parent=10934033"}],"wp:term":[{"taxonomy":"category","embeddable":true,"href":"https:\/\/www.upo.es\/diario\/wp-json\/wp\/v2\/categories?post=10934033"},{"taxonomy":"post_tag","embeddable":true,"href":"https:\/\/www.upo.es\/diario\/wp-json\/wp\/v2\/tags?post=10934033"}],"curies":[{"name":"wp","href":"https:\/\/api.w.org\/{rel}","templated":true}]}}