{"id":10934426,"date":"2015-10-30T12:58:26","date_gmt":"2015-10-30T12:58:26","guid":{"rendered":"https:\/\/www.upo.es\/diario\/?p=10934426"},"modified":"2015-11-03T08:15:15","modified_gmt":"2015-11-03T08:15:15","slug":"obra-social-la-caixa-financia-con-23-580-euros-el-proyecto-educativo-de-la-flora-tristan-de-la-upo","status":"publish","type":"post","link":"https:\/\/www.upo.es\/diario\/institucional\/2015\/10\/obra-social-la-caixa-financia-con-23-580-euros-el-proyecto-educativo-de-la-flora-tristan-de-la-upo\/","title":{"rendered":"Obra Social \u00abLa Caixa\u00bb financia con 23.580 euros el proyecto educativo de la Flora Trist\u00e1n de la UPO"},"content":{"rendered":"<figure id=\"attachment_10934427\" aria-describedby=\"caption-attachment-10934427\" style=\"width: 600px\" class=\"wp-caption aligncenter\"><a href=\"https:\/\/www.upo.es\/diario\/wp-content\/uploads\/2015\/10\/151030_RH_Asoc_54-copia.jpg\"><img loading=\"lazy\" decoding=\"async\" class=\"size-large wp-image-10934427\" alt=\"De izquierda a derecha, Tom\u00e1s Ben\u00edtez, el rector Vicente Guzm\u00e1n, Rafael Herrador y Mar\u00eda Antonia Jim\u00e9nez. \" src=\"https:\/\/www.upo.es\/diario\/wp-content\/uploads\/2015\/10\/151030_RH_Asoc_54-copia-600x400.jpg\" width=\"600\" height=\"400\" srcset=\"https:\/\/www.upo.es\/diario\/wp-content\/uploads\/2015\/10\/151030_RH_Asoc_54-copia-600x400.jpg 600w, https:\/\/www.upo.es\/diario\/wp-content\/uploads\/2015\/10\/151030_RH_Asoc_54-copia-320x213.jpg 320w\" sizes=\"auto, (max-width: 600px) 100vw, 600px\" \/><\/a><figcaption id=\"caption-attachment-10934427\" class=\"wp-caption-text\">De izquierda a derecha, Tom\u00e1s Ben\u00edtez, el rector Vicente Guzm\u00e1n, Rafael Herrador y Mar\u00eda Antonia Jim\u00e9nez.<\/figcaption><\/figure>\n<p>Obra Social \u201cLa Caixa\u201d financiar\u00e1 con 23.580 euros el <b>Proyecto Educativo de la Residencia Universitaria Flora Trist\u00e1n <\/b>de la Universidad Pablo de Olavide, en el marco de la convocatoria de Acci\u00f3n Social e Interculturalidad del Programa de Ayuda a Proyectos de Iniciativas Sociales de esta entidad.<\/p>\n<p>En colaboraci\u00f3n con los centros educativos de la zona y otras entidades, la Residencia Universitaria <b>Flora Trist\u00e1n<\/b> lleva a cabo actuaciones encaminadas a mejorar la formaci\u00f3n y apoyar a los centros educativos en su labor, as\u00ed como en la adquisici\u00f3n de formaci\u00f3n en valores, habilidades sociales, mejorar la convivencia y otras actuaciones de inter\u00e9s para la poblaci\u00f3n juvenil e infantil de la zona. Estas actuaciones se desarrollan en el, CEIP Andaluc\u00eda, CEIP Manuel Gim\u00e9nez Fern\u00e1ndez, CEIP Manuel Canela, CEIP Zurbar\u00e1n, CEIP Paz y Amistad, CEIP Ntra. Sra. de la Paz; los tres Institutos de la Zona (IES Pol\u00edgono Sur, IES Antonio Dom\u00ednguez Ortiz e IES Romero Murube, as\u00ed como con el Centro de Educaci\u00f3n Permanente (CEPER) del Pol\u00edgono Sur. Gracias a la concesi\u00f3n del proyecto, se realizar\u00e1n acciones en los centros educativos a trav\u00e9s de tertulias literarias dial\u00f3gicas, apoyo en huertos sociales escolares, la elaboraci\u00f3n de una revista que fomente la red de recursos e intercambio de experiencias entre los centros educativos, y el fomento del uso de la radio comunitaria \u201cRadio Abierta\u201d por parte de la comunidad educativa.<\/p>\n<p>La Fundaci\u00f3n Tierra de Hombres y la Liga Espa\u00f1ola de la Educaci\u00f3n y la Cultura Popular son las otras dos entidades sociales, junto con la Fundaci\u00f3n Universidad Sociedad de la Universidad Pablo de Olavide,\u00a0 que impulsan los proyectos seleccionados en la provincia de Sevilla, que tienen como objetivo la lucha contra la exclusi\u00f3n social, el fomento de la convivencia y de conductas saludables y la sensibilizaci\u00f3n sobre la violencia sexual en la infancia y la adolescencia. La aplicaci\u00f3n de estos tres proyectos alcanzar\u00e1 los cerca de 3.000 beneficiarios directos.<\/p>\n<p>Esta ma\u00f1ana se han firmado los convenios de colaboraci\u00f3n a trav\u00e9s de los cuales la Obra Social \u201cla Caixa\u201d destina 63.890 euros para el impulso de estos tres proyectos socioeducativos en la provincia de Sevilla. En el acto han estado presentes el director de \u201cla Caixa\u201d en Andaluc\u00eda Occidental, Rafael Herrador El rector de la UPO Vicente Guzm\u00e1n ha asistido al acto junto a la presidenta de Fundaci\u00f3n Tierra de hombres, Mar\u00eda Antonia Jim\u00e9nez, y\u00a0 Tom\u00e1s Ben\u00edtez, presidente de la Liga Espa\u00f1ola de la Educaci\u00f3n y la Cultura Popular.<\/p>\n","protected":false},"excerpt":{"rendered":"<p>Obra Social \u201cLa Caixa\u201d financiar\u00e1 con 23.580 euros el Proyecto Educativo de la Residencia Universitaria Flora Trist\u00e1n de la Universidad Pablo de Olavide, en el marco de la convocatoria de Acci\u00f3n Social e Interculturalidad del Programa de Ayuda a Proyectos de Iniciativas Sociales de esta entidad. <\/p>\n","protected":false},"author":2,"featured_media":0,"comment_status":"closed","ping_status":"open","sticky":false,"template":"","format":"standard","meta":{"_monsterinsights_skip_tracking":false,"_monsterinsights_sitenote_active":false,"_monsterinsights_sitenote_note":"","_monsterinsights_sitenote_category":0,"footnotes":""},"categories":[6],"tags":[326,465,353,2721,398],"class_list":["post-10934426","post","type-post","status-publish","format-standard","hentry","category-institucional","tag-convenio","tag-educacion","tag-flora-tristan","tag-iniciativas-sociales","tag-la-caixa"],"_links":{"self":[{"href":"https:\/\/www.upo.es\/diario\/wp-json\/wp\/v2\/posts\/10934426","targetHints":{"allow":["GET"]}}],"collection":[{"href":"https:\/\/www.upo.es\/diario\/wp-json\/wp\/v2\/posts"}],"about":[{"href":"https:\/\/www.upo.es\/diario\/wp-json\/wp\/v2\/types\/post"}],"author":[{"embeddable":true,"href":"https:\/\/www.upo.es\/diario\/wp-json\/wp\/v2\/users\/2"}],"replies":[{"embeddable":true,"href":"https:\/\/www.upo.es\/diario\/wp-json\/wp\/v2\/comments?post=10934426"}],"version-history":[{"count":3,"href":"https:\/\/www.upo.es\/diario\/wp-json\/wp\/v2\/posts\/10934426\/revisions"}],"predecessor-version":[{"id":10971485,"href":"https:\/\/www.upo.es\/diario\/wp-json\/wp\/v2\/posts\/10934426\/revisions\/10971485"}],"wp:attachment":[{"href":"https:\/\/www.upo.es\/diario\/wp-json\/wp\/v2\/media?parent=10934426"}],"wp:term":[{"taxonomy":"category","embeddable":true,"href":"https:\/\/www.upo.es\/diario\/wp-json\/wp\/v2\/categories?post=10934426"},{"taxonomy":"post_tag","embeddable":true,"href":"https:\/\/www.upo.es\/diario\/wp-json\/wp\/v2\/tags?post=10934426"}],"curies":[{"name":"wp","href":"https:\/\/api.w.org\/{rel}","templated":true}]}}