{"id":10972262,"date":"2015-11-03T10:39:54","date_gmt":"2015-11-03T10:39:54","guid":{"rendered":"https:\/\/www.upo.es\/diario\/?p=10972262"},"modified":"2015-11-06T11:04:33","modified_gmt":"2015-11-06T11:04:33","slug":"visita-a-la-upo-de-antiguos-alumnos-de-la-promocion-1982-1986-de-la-universidad-laboral","status":"publish","type":"post","link":"https:\/\/www.upo.es\/diario\/institucional\/2015\/11\/visita-a-la-upo-de-antiguos-alumnos-de-la-promocion-1982-1986-de-la-universidad-laboral\/","title":{"rendered":"Visita a la UPO de antiguos alumnos de la promoci\u00f3n 1982-1986 de la Universidad Laboral"},"content":{"rendered":"<figure id=\"attachment_11001374\" aria-describedby=\"caption-attachment-11001374\" style=\"width: 600px\" class=\"wp-caption aligncenter\"><a href=\"https:\/\/www.upo.es\/diario\/wp-content\/uploads\/2015\/11\/31102015-_MG_1487.jpg\"><img loading=\"lazy\" decoding=\"async\" class=\"size-large wp-image-11001374\" alt=\"Imagen de los antiguos alumnos de la Universidad Laboral de Sevilla.\" src=\"https:\/\/www.upo.es\/diario\/wp-content\/uploads\/2015\/11\/31102015-_MG_1487-600x400.jpg\" width=\"600\" height=\"400\" srcset=\"https:\/\/www.upo.es\/diario\/wp-content\/uploads\/2015\/11\/31102015-_MG_1487-600x400.jpg 600w, https:\/\/www.upo.es\/diario\/wp-content\/uploads\/2015\/11\/31102015-_MG_1487-320x213.jpg 320w\" sizes=\"auto, (max-width: 600px) 100vw, 600px\" \/><\/a><figcaption id=\"caption-attachment-11001374\" class=\"wp-caption-text\">Imagen de los antiguos alumnos de la Universidad Laboral de Sevilla.<\/figcaption><\/figure>\n<p>El pasado s\u00e1bado 31 de octubre, un grupo de antiguos alumnos de la promoci\u00f3n de 1982-1986 del Bachillerato de la Universidad Laboral de Sevilla visit\u00f3 las instalaciones de la Universidad Pablo de Olavide, de Sevilla.<\/p>\n<p>Los antiguos alumnos de la Laboral fueron recibidos por la vicerrectora de Internacionalizaci\u00f3n y Comunicaci\u00f3n, Pilar Rodr\u00edguez Reina, quien les acompa\u00f1\u00f3 en su recorrido por el campus, junto al ayudante de servicio de la UPO, Luis Bobadilla. Este grupo formado por 25 antiguos alumnos realiz\u00f3 una visita por el campus universitario, biblioteca, aulas inform\u00e1ticas y algunos de los edificios que constituyeron el internado donde residieron y estudiaron. Los integrantes del grupo comprobaron de primera mano c\u00f3mo ha cambiado el campus desde entonces.<\/p>\n","protected":false},"excerpt":{"rendered":"<p>El pasado s\u00e1bado 31 de octubre, un grupo de antiguos alumnos de la promoci\u00f3n de 1982-1986 del Bachillerato de la Universidad Laboral de Sevilla visit\u00f3 las instalaciones de la Universidad Pablo de Olavide, de Sevilla. <\/p>\n","protected":false},"author":2,"featured_media":0,"comment_status":"closed","ping_status":"open","sticky":false,"template":"","format":"standard","meta":{"_monsterinsights_skip_tracking":false,"_monsterinsights_sitenote_active":false,"_monsterinsights_sitenote_note":"","_monsterinsights_sitenote_category":0,"footnotes":""},"categories":[6],"tags":[153,1261,297],"class_list":["post-10972262","post","type-post","status-publish","format-standard","hentry","category-institucional","tag-alumni","tag-universidad-laboral","tag-visita"],"_links":{"self":[{"href":"https:\/\/www.upo.es\/diario\/wp-json\/wp\/v2\/posts\/10972262","targetHints":{"allow":["GET"]}}],"collection":[{"href":"https:\/\/www.upo.es\/diario\/wp-json\/wp\/v2\/posts"}],"about":[{"href":"https:\/\/www.upo.es\/diario\/wp-json\/wp\/v2\/types\/post"}],"author":[{"embeddable":true,"href":"https:\/\/www.upo.es\/diario\/wp-json\/wp\/v2\/users\/2"}],"replies":[{"embeddable":true,"href":"https:\/\/www.upo.es\/diario\/wp-json\/wp\/v2\/comments?post=10972262"}],"version-history":[{"count":4,"href":"https:\/\/www.upo.es\/diario\/wp-json\/wp\/v2\/posts\/10972262\/revisions"}],"predecessor-version":[{"id":10972265,"href":"https:\/\/www.upo.es\/diario\/wp-json\/wp\/v2\/posts\/10972262\/revisions\/10972265"}],"wp:attachment":[{"href":"https:\/\/www.upo.es\/diario\/wp-json\/wp\/v2\/media?parent=10972262"}],"wp:term":[{"taxonomy":"category","embeddable":true,"href":"https:\/\/www.upo.es\/diario\/wp-json\/wp\/v2\/categories?post=10972262"},{"taxonomy":"post_tag","embeddable":true,"href":"https:\/\/www.upo.es\/diario\/wp-json\/wp\/v2\/tags?post=10972262"}],"curies":[{"name":"wp","href":"https:\/\/api.w.org\/{rel}","templated":true}]}}