{"id":10973440,"date":"2015-11-04T06:09:32","date_gmt":"2015-11-04T06:09:32","guid":{"rendered":"https:\/\/www.upo.es\/diario\/?p=10973440"},"modified":"2015-11-04T11:56:10","modified_gmt":"2015-11-04T11:56:10","slug":"el-director-artistico-del-teatro-de-la-real-maestranza-hablara-manana-en-la-upo-sobre-la-opera-otello","status":"publish","type":"post","link":"https:\/\/www.upo.es\/diario\/institucional\/2015\/11\/el-director-artistico-del-teatro-de-la-real-maestranza-hablara-manana-en-la-upo-sobre-la-opera-otello\/","title":{"rendered":"El director art\u00edstico del Teatro de la Real Maestranza habla hoy en la UPO sobre la \u00d3pera Otello"},"content":{"rendered":"<figure id=\"attachment_10982708\" aria-describedby=\"caption-attachment-10982708\" style=\"width: 320px\" class=\"wp-caption alignright\"><a href=\"https:\/\/www.upo.es\/diario\/wp-content\/uploads\/2015\/11\/confe_OperaOtello.jpg\"><img loading=\"lazy\" decoding=\"async\" class=\"size-medium wp-image-10982708\" alt=\"Conferencia \u00d3pera Otello\" src=\"https:\/\/www.upo.es\/diario\/wp-content\/uploads\/2015\/11\/confe_OperaOtello-320x211.jpg\" width=\"320\" height=\"211\" srcset=\"https:\/\/www.upo.es\/diario\/wp-content\/uploads\/2015\/11\/confe_OperaOtello-320x211.jpg 320w, https:\/\/www.upo.es\/diario\/wp-content\/uploads\/2015\/11\/confe_OperaOtello-600x396.jpg 600w\" sizes=\"auto, (max-width: 320px) 100vw, 320px\" \/><\/a><figcaption id=\"caption-attachment-10982708\" class=\"wp-caption-text\">El director art\u00edstico del Teatro de la Maestranza de Sevilla, Pedro Halffter.<\/figcaption><\/figure>\n<p>Esta ma\u00f1ana, en el sal\u00f3n de actos de la Biblioteca de la Universidad Pablo de Olavide, el director art\u00edstico del <a href=\"https:\/\/www.teatrodelamaestranza.es\/\">Teatro de la Maestranza<\/a> de Sevilla, Pedro Halffter, ha ofrecido una conferencia en la que ha abordado la <a href=\"https:\/\/www.teatrodelamaestranza.es\/programacion\/275_OTELLO.html\">\u00d3pera Otello<\/a>, actualmente en cartel.<\/p>\n<p><b><a href=\"http:\/\/www.pedrohalffter.com\/about.php?fMenu=1\">Pedro Halffter Caro<\/a><\/b>, nacido en Madrid en 1971, es director art\u00edstico del Teatro de la Maestranza y director art\u00edstico y director titular de la Orquesta Filarm\u00f3nica de Gran Canaria. Considerado como uno de los directores m\u00e1s importantes del repertorio sinf\u00f3nico de su generaci\u00f3n, su exitosa trayectoria en el terreno de la l\u00edrica le ha llevado a dirigir un extenso repertorio de m\u00e1s de treinta t\u00edtulos oper\u00edsticos entre los que recientemente destacan<i>,\u00a0 Fanciulla del West<\/i> de G. Puccini o <i>Trist\u00e1n e Isolda<\/i>\u00a0 de R. Wagner, adem\u00e1s de <i>Carmen<\/i> de G. Bizet y <i>Norma<\/i> de V. Bellini junto a la Orquesta Filarm\u00f3nica de Dresde, y los estrenos en Espa\u00f1a de <i>Der ferne Klang<\/i> de F. Schreker,\u00a0 <i>Der Zwerg<\/i> y <i>Eine florentinische Trag\u00f6die<\/i> de A. Zemlinsky, <i>Doktor Faust<\/i> de Busoni y <i>La mujer silenciosa<\/i>\u00a0 de R. Strauss en el Teatro de la Maestranza y,\u00a0 <i>Orpheus und Euridyke<\/i> de E. Krenek en el Teatro Real.<\/p>\n<p>Ha compuesto m\u00e1s de una veintena de obras que han sido estrenadas entre otras por la Orquesta Sinf\u00f3nica de Massachussetts, Deutsche Kammerakademie, Orquesta de C\u00e1mara de Stuttgart o Ensemble Intercontemporain, en salas como el Carnegie Hall de Nueva York, Auditorio Nacional de Madrid o Philharmonie de Dortmund.<\/p>\n<p>Entre sus publicaciones discogr\u00e1ficas destacan <i>Don Quijote<\/i> de Crist\u00f3bal Halffter para Glossa y los monogr\u00e1ficos Falla y Korngold para Warner Music, adem\u00e1s de tres registros junto a Warner Classics &amp; Jazz dedicados a Schoenberg, Schrereker y Daugherty junto a la Orquesta Filarm\u00f3nica de Gran Canaria y a la Orquesta Sinf\u00f3nica de Montreal.<\/p>\n<p align=\"center\"><b>\u00a0<\/b><\/p>\n","protected":false},"excerpt":{"rendered":"<p>Esta ma\u00f1ana, en el sal\u00f3n de actos de la Biblioteca de la Universidad Pablo de Olavide, el director art\u00edstico del Teatro de la Maestranza de Sevilla, Pedro Halffter, ha ofrecido una conferencia en la que ha abordado la \u00d3pera Otello, actualmente en cartel.<\/p>\n","protected":false},"author":2,"featured_media":0,"comment_status":"closed","ping_status":"open","sticky":false,"template":"","format":"standard","meta":{"_monsterinsights_skip_tracking":false,"_monsterinsights_sitenote_active":false,"_monsterinsights_sitenote_note":"","_monsterinsights_sitenote_category":0,"footnotes":""},"categories":[6],"tags":[227,2727,2725,2726],"class_list":["post-10973440","post","type-post","status-publish","format-standard","hentry","category-institucional","tag-conferencia","tag-halffter","tag-opera","tag-teatro-real-maestranza"],"_links":{"self":[{"href":"https:\/\/www.upo.es\/diario\/wp-json\/wp\/v2\/posts\/10973440","targetHints":{"allow":["GET"]}}],"collection":[{"href":"https:\/\/www.upo.es\/diario\/wp-json\/wp\/v2\/posts"}],"about":[{"href":"https:\/\/www.upo.es\/diario\/wp-json\/wp\/v2\/types\/post"}],"author":[{"embeddable":true,"href":"https:\/\/www.upo.es\/diario\/wp-json\/wp\/v2\/users\/2"}],"replies":[{"embeddable":true,"href":"https:\/\/www.upo.es\/diario\/wp-json\/wp\/v2\/comments?post=10973440"}],"version-history":[{"count":5,"href":"https:\/\/www.upo.es\/diario\/wp-json\/wp\/v2\/posts\/10973440\/revisions"}],"predecessor-version":[{"id":10981147,"href":"https:\/\/www.upo.es\/diario\/wp-json\/wp\/v2\/posts\/10973440\/revisions\/10981147"}],"wp:attachment":[{"href":"https:\/\/www.upo.es\/diario\/wp-json\/wp\/v2\/media?parent=10973440"}],"wp:term":[{"taxonomy":"category","embeddable":true,"href":"https:\/\/www.upo.es\/diario\/wp-json\/wp\/v2\/categories?post=10973440"},{"taxonomy":"post_tag","embeddable":true,"href":"https:\/\/www.upo.es\/diario\/wp-json\/wp\/v2\/tags?post=10973440"}],"curies":[{"name":"wp","href":"https:\/\/api.w.org\/{rel}","templated":true}]}}