{"id":10992207,"date":"2015-11-06T05:55:58","date_gmt":"2015-11-06T05:55:58","guid":{"rendered":"https:\/\/www.upo.es\/diario\/?p=10992207"},"modified":"2015-11-06T08:09:46","modified_gmt":"2015-11-06T08:09:46","slug":"la-violencia-de-genero-en-adolescentes-tema-de-una-conferencia-manana-en-la-upo","status":"publish","type":"post","link":"https:\/\/www.upo.es\/diario\/institucional\/2015\/11\/la-violencia-de-genero-en-adolescentes-tema-de-una-conferencia-manana-en-la-upo\/","title":{"rendered":"La violencia de g\u00e9nero en adolescentes, tema de una conferencia hoy en la UPO"},"content":{"rendered":"<figure id=\"attachment_10992208\" aria-describedby=\"caption-attachment-10992208\" style=\"width: 226px\" class=\"wp-caption alignright\"><a href=\"https:\/\/www.upo.es\/diario\/wp-content\/uploads\/2015\/11\/guia_padres-y_madres_con_hijas_adolescentes_que_sufre_violencia_de_genero.jpg\"><img loading=\"lazy\" decoding=\"async\" class=\"size-medium wp-image-10992208\" alt=\"Conferencia violencia de g\u00e9nero\" src=\"https:\/\/www.upo.es\/diario\/wp-content\/uploads\/2015\/11\/guia_padres-y_madres_con_hijas_adolescentes_que_sufre_violencia_de_genero-226x320.jpg\" width=\"226\" height=\"320\" srcset=\"https:\/\/www.upo.es\/diario\/wp-content\/uploads\/2015\/11\/guia_padres-y_madres_con_hijas_adolescentes_que_sufre_violencia_de_genero-226x320.jpg 226w, https:\/\/www.upo.es\/diario\/wp-content\/uploads\/2015\/11\/guia_padres-y_madres_con_hijas_adolescentes_que_sufre_violencia_de_genero-424x600.jpg 424w, https:\/\/www.upo.es\/diario\/wp-content\/uploads\/2015\/11\/guia_padres-y_madres_con_hijas_adolescentes_que_sufre_violencia_de_genero-600x848.jpg 600w\" sizes=\"auto, (max-width: 226px) 100vw, 226px\" \/><\/a><figcaption id=\"caption-attachment-10992208\" class=\"wp-caption-text\">Se presentar\u00e1 la \u00abGu\u00eda para madres y padres con hijas adolescentes que sufren violencia de g\u00e9nero\u201d realizada por el Instituto Andaluz de la Mujer.<\/figcaption><\/figure>\n<p style=\"text-align: justify;\">Hoy viernes 6 de noviembre, a las 12.00 horas en el aula 2 del edificio 11 de la Universidad Pablo de Olavide, se celebrar\u00e1 la conferencia\u00a0<b>\u201cLa violencia de g\u00e9nero en adolescentes: la necesidad de trabajar con las familias\u201d<\/b>\u00a0impartida por Juan Ignacio Paz Rodr\u00edguez, asesor t\u00e9cnico del gabinete de Estudios y Programas del\u00a0<a href=\"http:\/\/www.juntadeandalucia.es\/institutodelamujer\/\">Instituto Andaluz de la Mujer<\/a>\u00a0y por Paola Fern\u00e1ndez Zurbar\u00e1n, coordinadora del programa de Atenci\u00f3n Psicol\u00f3gica a las Mujeres Menores de Edad V\u00edctimas de Violencia de G\u00e9nero en Andaluc\u00eda de la\u00a0<a href=\"http:\/\/www.aesim-andalucia.org\/\">Asociaci\u00f3n de Estudios Sociales por la Igualdad de la Mujer<\/a>\u00a0(AESIM). El acto ser\u00e1 presentado por la decana de la Facultad de Ciencias Sociales de la UPO, Rosa Mar\u00eda D\u00edaz Jim\u00e9nez.<\/p>\n<p style=\"text-align: justify;\">Tras la conferencia, se presentar\u00e1 la <a href=\"http:\/\/www.juntadeandalucia.es\/institutodelamujer\/images\/FONDO_DOCUMENTAL\/PUBLICACIONES\/MONOGRAFIAS_Y_OTRAS_PUBLICACIONES_DE_CARACTER_MONOGRAFICO\/GUIAS_Y_MANUALES\/guia_padres-y_madres_con_hijas_adolescentes_que_sufre_violencia_de_genero.pdf\">\u201cGu\u00eda para madres y padres con hijas adolescentes que sufren violencia de g\u00e9nero\u201d<\/a> realizada por el Instituto Andaluz de la Mujer. La finalidad de esta gu\u00eda descargable es ayudar a las familias a afrontar la violencia de g\u00e9nero que sufren sus hijas, as\u00ed como para facilitar pautas de intervenci\u00f3n a profesionales que trabajan en \u00e1mbitos relacionados con menores.<\/p>\n<p style=\"text-align: justify;\">Esta actividad, abierta a toda la comunidad universitaria, est\u00e1 organizada por el equipo docente de la asignatura Desarrollo para la Igualdad y la Diversidad de la Facultad de Ciencias Sociales de la UPO, con la colaboraci\u00f3n del Instituto Andaluz de la Mujer y la Oficina para la Igualdad del Vicerrectorado de Cultura y Compromiso Social de la Universidad Pablo de Olavide.<\/p>\n","protected":false},"excerpt":{"rendered":"<p>Hoy viernes 6 de noviembre, a las 12.00 horas en el aula 2 del edificio 11 de la Universidad Pablo de Olavide, se celebrar\u00e1 la conferencia \u201cLa violencia de g\u00e9nero en adolescentes: la necesidad de trabajar con las familias\u201d. Tras la conferencia, se presentar\u00e1 la \u201cGu\u00eda para madres y padres con hijas adolescentes que sufren violencia de g\u00e9nero\u201d realizada por el Instituto Andaluz de la Mujer.<\/p>\n","protected":false},"author":4,"featured_media":0,"comment_status":"closed","ping_status":"open","sticky":false,"template":"","format":"standard","meta":{"_monsterinsights_skip_tracking":false,"_monsterinsights_sitenote_active":false,"_monsterinsights_sitenote_note":"","_monsterinsights_sitenote_category":0,"footnotes":""},"categories":[6],"tags":[227,487,2731,2209,2667,2441],"class_list":["post-10992207","post","type-post","status-publish","format-standard","hentry","category-institucional","tag-conferencia","tag-facultad-ciencias-sociales","tag-instituto-andaluz-de-la-mujer","tag-oficina-para-la-igualdad","tag-vicerrectorado-de-cultura-y-compromiso-social","tag-violencia-de-genero"],"_links":{"self":[{"href":"https:\/\/www.upo.es\/diario\/wp-json\/wp\/v2\/posts\/10992207","targetHints":{"allow":["GET"]}}],"collection":[{"href":"https:\/\/www.upo.es\/diario\/wp-json\/wp\/v2\/posts"}],"about":[{"href":"https:\/\/www.upo.es\/diario\/wp-json\/wp\/v2\/types\/post"}],"author":[{"embeddable":true,"href":"https:\/\/www.upo.es\/diario\/wp-json\/wp\/v2\/users\/4"}],"replies":[{"embeddable":true,"href":"https:\/\/www.upo.es\/diario\/wp-json\/wp\/v2\/comments?post=10992207"}],"version-history":[{"count":5,"href":"https:\/\/www.upo.es\/diario\/wp-json\/wp\/v2\/posts\/10992207\/revisions"}],"predecessor-version":[{"id":11000161,"href":"https:\/\/www.upo.es\/diario\/wp-json\/wp\/v2\/posts\/10992207\/revisions\/11000161"}],"wp:attachment":[{"href":"https:\/\/www.upo.es\/diario\/wp-json\/wp\/v2\/media?parent=10992207"}],"wp:term":[{"taxonomy":"category","embeddable":true,"href":"https:\/\/www.upo.es\/diario\/wp-json\/wp\/v2\/categories?post=10992207"},{"taxonomy":"post_tag","embeddable":true,"href":"https:\/\/www.upo.es\/diario\/wp-json\/wp\/v2\/tags?post=10992207"}],"curies":[{"name":"wp","href":"https:\/\/api.w.org\/{rel}","templated":true}]}}