{"id":10992214,"date":"2015-11-05T06:00:32","date_gmt":"2015-11-05T06:00:32","guid":{"rendered":"https:\/\/www.upo.es\/diario\/?p=10992214"},"modified":"2015-11-06T08:17:59","modified_gmt":"2015-11-06T08:17:59","slug":"presentacion-en-la-upo-de-la-campana-de-sensibilizacion-se-mundarrio-de-la-asociacion-andaluza-cic-bata","status":"publish","type":"post","link":"https:\/\/www.upo.es\/diario\/institucional\/2015\/11\/presentacion-en-la-upo-de-la-campana-de-sensibilizacion-se-mundarrio-de-la-asociacion-andaluza-cic-bata\/","title":{"rendered":"Presentaci\u00f3n en la UPO de la campa\u00f1a de sensibilizaci\u00f3n \u201cS\u00e9 Mundarrio\u201d de la asociaci\u00f3n andaluza CIC Bat\u00e1"},"content":{"rendered":"<figure id=\"attachment_10992321\" aria-describedby=\"caption-attachment-10992321\" style=\"width: 600px\" class=\"wp-caption aligncenter\"><a href=\"https:\/\/www.upo.es\/diario\/wp-content\/uploads\/2015\/11\/Se-Mundarrio-photocall.jpg\"><img loading=\"lazy\" decoding=\"async\" class=\"size-large wp-image-10992321\" alt=\"Estudiantes de la UPO participando en la campa\u00f1a 'S\u00e9 Mundarrio'. Las im\u00e1genes pueden compartirse en la web de la asociaci\u00f3n CIC Bat\u00e1 y en redes sociales con la etiqueta #S\u00e9Mundarrio\" src=\"https:\/\/www.upo.es\/diario\/wp-content\/uploads\/2015\/11\/Se-Mundarrio-photocall-600x400.jpg\" width=\"600\" height=\"400\" srcset=\"https:\/\/www.upo.es\/diario\/wp-content\/uploads\/2015\/11\/Se-Mundarrio-photocall-600x400.jpg 600w, https:\/\/www.upo.es\/diario\/wp-content\/uploads\/2015\/11\/Se-Mundarrio-photocall-320x213.jpg 320w\" sizes=\"auto, (max-width: 600px) 100vw, 600px\" \/><\/a><figcaption id=\"caption-attachment-10992321\" class=\"wp-caption-text\">Estudiantes de la UPO participando en la campa\u00f1a &#8216;S\u00e9 Mundarrio&#8217;. Las im\u00e1genes pueden compartirse en la web de la asociaci\u00f3n CIC Bat\u00e1 y en redes sociales con la etiqueta #S\u00e9Mundarrio<\/figcaption><\/figure>\n<p>La Universidad Pablo de Olavide ha acogido esta ma\u00f1ana la <strong>presentaci\u00f3n de la campa\u00f1a \u201cS\u00e9 Mundarrio\u201d<\/strong> de la asociaci\u00f3n andaluza CIC Bat\u00e1, que<strong> tiene como objetivo despertar las actitudes solidarias de la gente de a pie y hacerlas visibles, as\u00ed como comprometerse con las pol\u00edticas p\u00fablicas de cooperaci\u00f3n internacional, con los derechos humanos, y de lucha contra la pobreza y la desigualdad<\/strong>.<\/p>\n<p>En el acto, abierto a la comunidad universitaria a la que se ha hecho part\u00edcipe de la campa\u00f1a, han intervenido Rosa Mar\u00eda D\u00edaz, decana de la Facultad de Ciencias Sociales de la UPO; N\u00e9stor Fern\u00e1ndez Rodr\u00edguez, director de la Agencia Andaluza de Cooperaci\u00f3n Internacional para el Desarrollo (AACID), y Claudia Usuga Rodr\u00edguez, presidenta de CIC Bat\u00e1 (Centro de Iniciativas para la Cooperaci\u00f3n Bat\u00e1).<\/p>\n<p>Claudia Usuga ha explicado que<strong> \u201cMundarrio\u201d es la fusi\u00f3n de las palabras \u201cmundo\u201d y \u201cbarrio\u201d<\/strong>, una expresi\u00f3n\u00a0 -que brota del compromiso, solidaridad y activismo de j\u00f3venes andaluces- y que significa \u201cconcebir los barrios de nuestras ciudades como parte del mundo\u201d; \u201cvivir las diferencias\u201d; \u201csentirnos vecinos del mundo\u201d; \u201cempat\u00eda\u201d; \u201crespeto hacia todas las personas\u201d; entre otros significados. Para la presidenta de CIC Bat\u00e1, este proyecto surge de la necesidad de hacer que las pol\u00edticas de cooperaci\u00f3n sean de todas las personas y no solo de los organismos oficiales.<\/p>\n<p>Y es que esta campa\u00f1a, que\u00a0 pone en marcha la asociaci\u00f3n andaluza Centro de Iniciativas para la Cooperaci\u00f3n Bat\u00e1 (CIC Bat\u00e1), es participativa en tanto que se construye con la gente, especialmente j\u00f3venes universitarios, personas an\u00f3nimas y protagonistas de los barrios y municipios. En la <a href=\"http:\/\/imagenesdelsur.cicbata.org\/?q=se_mundarrio\">p\u00e1gina web del proyecto<\/a> se pueden consultar materiales, como\u00a0 mensajes y fotograf\u00edas, as\u00ed como cuatro spot elaborados por j\u00f3venes andaluces.<\/p>\n<p>Esta campa\u00f1a se inserta dentro del Programa de CIC Bat\u00e1 de Educaci\u00f3n para el Desarrollo \u201cIm\u00e1genes del Sur\u201d, que se lleva ejecutando, desde hace cuatro a\u00f1os, principalmente en las ocho universidades p\u00fablicas andaluzas. \u201cIm\u00e1genes del Sur\u201d, financiado por la Agencia Andaluza de Cooperaci\u00f3n Internacional para el Desarrollo (AACID), ha creado un espacio reflexivo y creativo para el an\u00e1lisis de los problemas globales del desarrollo a trav\u00e9s del audiovisual, como herramienta de transformaci\u00f3n social, y desde el enfoque del derecho humano a la comunicaci\u00f3n.<\/p>\n<p>En este sentido, el director de la AACID ha se\u00f1alado que los problemas son globales y nos afectan a todos, por lo que la soluci\u00f3n de los problemas de empobrecimiento tambi\u00e9n hay que buscarla entre todos. \u201cCampa\u00f1as como \u00e9stas son muy importantes \u2013ha afirmado N\u00e9stor Fern\u00e1ndez- pues haciendo un poco en nuestros barrios, ayudar en la difusi\u00f3n, supone mucho para conseguir cambiar esta situaci\u00f3n\u201d.<\/p>\n<p>Por su parte, la decana de la Facultad de Ciencias Sociales de la UPO ha agradecido a los profesores Luis Amador y Macarena Esteban que hayan facilitado este encuentro que se produce en el marco del m\u00e1ster de Educaci\u00f3n al Desarrollo de la UPO. Rosa D\u00edaz ha subrayado que la Facultad tiene un marcado car\u00e1cter de cooperaci\u00f3n, formando a ciudadanos responsables con el mundo que les ha tocado vivir. \u201cEsta ciudadan\u00eda tiene que ser \u201cmundarria\u201d\u201d, ha dicho D\u00edaz<\/p>\n<p><b>Manifiesto \u201c\u00a1No te quedes indiferente!\u201d<\/b><\/p>\n<p>La campa\u00f1a Mundarrio incluye el manifiesto \u201c\u00a1No te quedes indiferente! Por unas pol\u00edticas de cooperaci\u00f3n internacional y solidaridad\u201d, que apela a la Junta de Andaluc\u00eda y a las administraciones locales, as\u00ed como otros actores sociales (sindicatos, universidades, empresarios, etc.) a respaldar el reci\u00e9n aprobado Plan Andaluz de Cooperaci\u00f3n para el Desarrollo.<\/p>\n<p>Spot: <a href=\"http:\/\/imagenesdelsur.cicbata.org\/?q=recursos_mundarrio\">http:\/\/imagenesdelsur.cicbata.org\/?q=recursos_mundarrio<br \/>\n<\/a>Manifiesto: <a href=\"http:\/\/imagenesdelsur.cicbata.org\/?q=manifiesto_mundarrio\">http:\/\/imagenesdelsur.cicbata.org\/?q=manifiesto_mundarrio<\/a><\/p>\n<p><a title=\"Campa\u00f1a 'S\u00e9 Mundarrio'\" href=\"https:\/\/www.flickr.com\/photos\/pablodeolavide\/albums\/72157660110931849\" data-flickr-embed=\"true\"><img loading=\"lazy\" decoding=\"async\" alt=\"Campa\u00f1a 'S\u00e9 Mundarrio'\" src=\"https:\/\/farm6.staticflickr.com\/5733\/22383740478_6309e4c65c_z.jpg\" width=\"640\" height=\"427\" \/><\/a><script charset=\"utf-8\" type=\"text\/javascript\" src=\"\/\/embedr.flickr.com\/assets\/client-code.js\" async=\"\"><\/script><\/p>\n","protected":false},"excerpt":{"rendered":"<p>La Universidad Pablo de Olavide ha acogido esta ma\u00f1ana la presentaci\u00f3n de la campa\u00f1a \u201cS\u00e9 Mundarrio\u201d de la asociaci\u00f3n andaluza CIC Bat\u00e1, que tiene como objetivo despertar las actitudes solidarias de la gente de a pie y hacerlas visibles, as\u00ed como comprometerse con las pol\u00edticas p\u00fablicas de cooperaci\u00f3n internacional, con los derechos humanos, y de lucha contra la pobreza y la desigualdad.<\/p>\n","protected":false},"author":6,"featured_media":0,"comment_status":"closed","ping_status":"open","sticky":false,"template":"","format":"standard","meta":{"_monsterinsights_skip_tracking":false,"_monsterinsights_sitenote_active":false,"_monsterinsights_sitenote_note":"","_monsterinsights_sitenote_category":0,"footnotes":""},"categories":[6],"tags":[419,624,21,487,2350,334,1024],"class_list":["post-10992214","post","type-post","status-publish","format-standard","hentry","category-institucional","tag-campana","tag-cooperacion","tag-estudiantes","tag-facultad-ciencias-sociales","tag-manifiesto","tag-presentacion","tag-solidaridad"],"_links":{"self":[{"href":"https:\/\/www.upo.es\/diario\/wp-json\/wp\/v2\/posts\/10992214","targetHints":{"allow":["GET"]}}],"collection":[{"href":"https:\/\/www.upo.es\/diario\/wp-json\/wp\/v2\/posts"}],"about":[{"href":"https:\/\/www.upo.es\/diario\/wp-json\/wp\/v2\/types\/post"}],"author":[{"embeddable":true,"href":"https:\/\/www.upo.es\/diario\/wp-json\/wp\/v2\/users\/6"}],"replies":[{"embeddable":true,"href":"https:\/\/www.upo.es\/diario\/wp-json\/wp\/v2\/comments?post=10992214"}],"version-history":[{"count":8,"href":"https:\/\/www.upo.es\/diario\/wp-json\/wp\/v2\/posts\/10992214\/revisions"}],"predecessor-version":[{"id":11000172,"href":"https:\/\/www.upo.es\/diario\/wp-json\/wp\/v2\/posts\/10992214\/revisions\/11000172"}],"wp:attachment":[{"href":"https:\/\/www.upo.es\/diario\/wp-json\/wp\/v2\/media?parent=10992214"}],"wp:term":[{"taxonomy":"category","embeddable":true,"href":"https:\/\/www.upo.es\/diario\/wp-json\/wp\/v2\/categories?post=10992214"},{"taxonomy":"post_tag","embeddable":true,"href":"https:\/\/www.upo.es\/diario\/wp-json\/wp\/v2\/tags?post=10992214"}],"curies":[{"name":"wp","href":"https:\/\/api.w.org\/{rel}","templated":true}]}}