{"id":10992626,"date":"2015-11-06T14:01:52","date_gmt":"2015-11-06T14:01:52","guid":{"rendered":"https:\/\/www.upo.es\/diario\/?p=10992626"},"modified":"2015-11-06T14:51:16","modified_gmt":"2015-11-06T14:51:16","slug":"esperanza-fernandez-abre-manana-el-ciclo-las-mujeres-como-transmisoras-del-flamenco-dialogos-y-cante","status":"publish","type":"post","link":"https:\/\/www.upo.es\/diario\/cultura\/2015\/11\/esperanza-fernandez-abre-manana-el-ciclo-las-mujeres-como-transmisoras-del-flamenco-dialogos-y-cante\/","title":{"rendered":"Esperanza Fern\u00e1ndez abre el ciclo \u201cLas mujeres como transmisoras del flamenco. Di\u00e1logos y cante\u201d"},"content":{"rendered":"<p>&nbsp;<\/p>\n<figure id=\"attachment_11000167\" aria-describedby=\"caption-attachment-11000167\" style=\"width: 600px\" class=\"wp-caption aligncenter\"><a href=\"https:\/\/www.upo.es\/diario\/wp-content\/uploads\/2015\/11\/esperanza-fern\u00e1ndez.jpg\"><img loading=\"lazy\" decoding=\"async\" class=\"size-large wp-image-11000167\" alt=\"Esperanza Fer\u00e1ndez\" src=\"https:\/\/www.upo.es\/diario\/wp-content\/uploads\/2015\/11\/esperanza-fern\u00e1ndez-600x283.jpg\" width=\"600\" height=\"283\" srcset=\"https:\/\/www.upo.es\/diario\/wp-content\/uploads\/2015\/11\/esperanza-fern\u00e1ndez-600x283.jpg 600w, https:\/\/www.upo.es\/diario\/wp-content\/uploads\/2015\/11\/esperanza-fern\u00e1ndez-320x150.jpg 320w, https:\/\/www.upo.es\/diario\/wp-content\/uploads\/2015\/11\/esperanza-fern\u00e1ndez.jpg 636w\" sizes=\"auto, (max-width: 600px) 100vw, 600px\" \/><\/a><figcaption id=\"caption-attachment-11000167\" class=\"wp-caption-text\">Esperanza Fer\u00e1ndez<\/figcaption><\/figure>\n<p><span style=\"text-decoration: underline;\">Hoy viernes 6 de noviembre, a las 19:00 horas en el sal\u00f3n de actos del Centro Andaluz de Biolog\u00eda del Desarrollo (CABD), en la Universidad Pablo de Olavide<\/span>, dar\u00e1 comienzo el ciclo cultural <b>\u201cLas mujeres como transmisoras del flamenco. Di\u00e1logos y cante\u201d<\/b> con la participaci\u00f3n de la cantaora <b>Esperanza Fern\u00e1ndez<\/b>, que estar\u00e1 acompa\u00f1ada por su madre, Pepa Vargas, y Miguel \u00c1ngel Cort\u00e9s a la guitarra.<\/p>\n<p>Arranca as\u00ed este ciclo que contar\u00e1 con la presencia de tres relevantes cantaoras, quienes adem\u00e1s de actuar hablar\u00e1n sobre sus experiencias con el p\u00fablico asistente. De esta manera, el ciclo contar\u00e1 hoy con la intervenci\u00f3n de Esperanza Fern\u00e1ndez, el d\u00eda 20 de noviembre ser\u00e1 el turno de <b>Mari Pe\u00f1a<\/b> y el 17 de diciembre <b>Alba Molina<\/b> ser\u00e1 la que visite esta universidad. <span style=\"text-decoration: underline;\">La entrada es gratuita hasta completar aforo<\/span>.<\/p>\n<p>Esta actividad est\u00e1 organizada por la <a href=\"http:\/\/pfsentirflamenco.blogspot.com.es\/\">Pe\u00f1a Universitaria \u201cSentir Flamenco\u201d<\/a> de la UPO con la colaboraci\u00f3n del <a href=\"http:\/\/www.juntadeandalucia.es\/cultura\/iaf\/opencms\/portal\">Instituto Andaluz del Flamenco<\/a> de la <a href=\"http:\/\/www.juntadeandalucia.es\/culturaydeporte\/web\">Consejer\u00eda de Cultura<\/a>, el <a href=\"https:\/\/www.upo.es\/rectorado\/vicerrectorado\/cultura\/\">Vicerrectorado de Cultura y Compromiso Social<\/a> de esta universidad y el <a href=\"http:\/\/www.cabd.es\/\">Centro Andaluz de Biolog\u00eda del Desarrollo<\/a>.<\/p>\n<p>La Pe\u00f1a Flamenca de la Universidad Pablo de Olavide articula sus acciones en el Programa Artes y Formaci\u00f3n, el cual est\u00e1 integrado en las l\u00edneas de trabajo del Servicio de Extensi\u00f3n Cultural del\u00a0 Vicerrectorado de Cultura y Compromiso Social de la UPO. Integrada por profesores, alumnos y personal de administraci\u00f3n y servicios, la Pe\u00f1a \u201cSentir Flamenco\u201d es una iniciativa que busca el acercamiento de la universidad al flamenco y viceversa. De esta manera, considerando las dimensiones antropol\u00f3gicas del flamenco, propone actividades que refuercen esta visi\u00f3n y as\u00ed pone el acento en\u00a0 acciones tales como conferencias, presentaciones de libros o coloquios.<\/p>\n","protected":false},"excerpt":{"rendered":"<p>Hoy viernes 6 de noviembre, a las 19:00 horas en el sal\u00f3n de actos del Centro Andaluz de Biolog\u00eda del Desarrollo (CABD), en la Universidad Pablo de Olavide, dar\u00e1 comienzo el ciclo cultural \u201cLas mujeres como transmisoras del flamenco. Di\u00e1logos y cante\u201d con la participaci\u00f3n de la cantaora Esperanza Fern\u00e1ndez, que estar\u00e1 acompa\u00f1ada por su madre, Pepa Vargas, y Miguel \u00c1ngel Cort\u00e9s a la guitarra.<\/p>\n","protected":false},"author":2,"featured_media":0,"comment_status":"closed","ping_status":"open","sticky":false,"template":"","format":"standard","meta":{"_monsterinsights_skip_tracking":false,"_monsterinsights_sitenote_active":false,"_monsterinsights_sitenote_note":"","_monsterinsights_sitenote_category":0,"footnotes":""},"categories":[7],"tags":[603,821,2734,93,2139],"class_list":["post-10992626","post","type-post","status-publish","format-standard","hentry","category-cultura","tag-coloquio","tag-encuentro","tag-esperanza-ferandez","tag-flamenco","tag-pena-flamenca-sentir-flamenco"],"_links":{"self":[{"href":"https:\/\/www.upo.es\/diario\/wp-json\/wp\/v2\/posts\/10992626","targetHints":{"allow":["GET"]}}],"collection":[{"href":"https:\/\/www.upo.es\/diario\/wp-json\/wp\/v2\/posts"}],"about":[{"href":"https:\/\/www.upo.es\/diario\/wp-json\/wp\/v2\/types\/post"}],"author":[{"embeddable":true,"href":"https:\/\/www.upo.es\/diario\/wp-json\/wp\/v2\/users\/2"}],"replies":[{"embeddable":true,"href":"https:\/\/www.upo.es\/diario\/wp-json\/wp\/v2\/comments?post=10992626"}],"version-history":[{"count":9,"href":"https:\/\/www.upo.es\/diario\/wp-json\/wp\/v2\/posts\/10992626\/revisions"}],"predecessor-version":[{"id":11003022,"href":"https:\/\/www.upo.es\/diario\/wp-json\/wp\/v2\/posts\/10992626\/revisions\/11003022"}],"wp:attachment":[{"href":"https:\/\/www.upo.es\/diario\/wp-json\/wp\/v2\/media?parent=10992626"}],"wp:term":[{"taxonomy":"category","embeddable":true,"href":"https:\/\/www.upo.es\/diario\/wp-json\/wp\/v2\/categories?post=10992626"},{"taxonomy":"post_tag","embeddable":true,"href":"https:\/\/www.upo.es\/diario\/wp-json\/wp\/v2\/tags?post=10992626"}],"curies":[{"name":"wp","href":"https:\/\/api.w.org\/{rel}","templated":true}]}}