{"id":10993033,"date":"2015-11-05T01:50:56","date_gmt":"2015-11-05T01:50:56","guid":{"rendered":"https:\/\/www.upo.es\/diario\/?p=10993033"},"modified":"2015-11-06T12:16:27","modified_gmt":"2015-11-06T12:16:27","slug":"el-centro-reina-sofia-sobre-adolescencia-y-juventud-presenta-la-investigacion-fuerte-como-papa-sensible-como-mama-identidades-de-genero-en-la-adolescencia","status":"publish","type":"post","link":"https:\/\/www.upo.es\/diario\/institucional\/2015\/11\/el-centro-reina-sofia-sobre-adolescencia-y-juventud-presenta-la-investigacion-fuerte-como-papa-sensible-como-mama-identidades-de-genero-en-la-adolescencia\/","title":{"rendered":"El Centro Reina Sof\u00eda sobre Adolescencia y Juventud presenta la investigaci\u00f3n \u201c\u00bfFuerte como pap\u00e1? \u00bfSensible como mam\u00e1? Identidades de g\u00e9nero en la adolescencia\u201d"},"content":{"rendered":"<p><img loading=\"lazy\" decoding=\"async\" class=\"alignright size-medium wp-image-10993034\" alt=\"identidades-genero\" src=\"https:\/\/www.upo.es\/diario\/wp-content\/uploads\/2015\/11\/identidades-genero-236x320.png\" width=\"236\" height=\"320\" srcset=\"https:\/\/www.upo.es\/diario\/wp-content\/uploads\/2015\/11\/identidades-genero-236x320.png 236w, https:\/\/www.upo.es\/diario\/wp-content\/uploads\/2015\/11\/identidades-genero-444x600.png 444w, https:\/\/www.upo.es\/diario\/wp-content\/uploads\/2015\/11\/identidades-genero-600x810.png 600w, https:\/\/www.upo.es\/diario\/wp-content\/uploads\/2015\/11\/identidades-genero.png 642w\" sizes=\"auto, (max-width: 236px) 100vw, 236px\" \/>Ma\u00f1ana, viernes 6 de noviembre, <strong>a las 11.00 horas, en la sala de prensa del Rectorado<\/strong> de la Universidad Pablo de Olavide, de Sevilla, se presenta la investigaci\u00f3n \u201c\u00bfFuerte como pap\u00e1? \u00bfSensible como mam\u00e1? Identidades de g\u00e9nero en la adolescencia\u201d, realizada por el Centro Reina Sof\u00eda sobre Adolescencia y Juventud, un centro privado e independiente creado por la FAD gracias al apoyo de Banco Santander y Telef\u00f3nica.<\/p>\n<p>La investigaci\u00f3n analiza, a trav\u00e9s de una encuesta a 2.154 adolescentes y j\u00f3venes escolarizados de 14 a 19 a\u00f1os, los estereotipos que giran en torno a lo que significa \u201cser chico\u201d y \u201cser chica\u201d, as\u00ed como la manera en que se ponen en juego las expectativas, los roles y los referentes colectivos, con una mirada especial a las relaciones interpersonales.<\/p>\n<p>La presentaci\u00f3n ser\u00e1 ofrecida por Vicente Guzm\u00e1n, rector de la UPO; Rosa Mar\u00eda D\u00edaz, decana de la Facultad de Ciencias Sociales; Gonzalo Musitu, catedr\u00e1tico de Psicolog\u00eda Social; Eusebio Meg\u00edas y Anna Sanmart\u00edn, director t\u00e9cnico y coordinadora del Centro Reina Sof\u00eda sobre Adolescencia y Juventud, respectivamente.<\/p>\n","protected":false},"excerpt":{"rendered":"<p>El estudio analiza los elementos que definen los roles de g\u00e9nero, si se han producido cambios en los estereotipos, si la visi\u00f3n es compartida entre chicos y chicas, y c\u00f3mo todo ello se traduce en unas relaciones m\u00e1s o menos igualitarias<\/p>\n","protected":false},"author":6,"featured_media":0,"comment_status":"closed","ping_status":"open","sticky":false,"template":"","format":"standard","meta":{"_monsterinsights_skip_tracking":false,"_monsterinsights_sitenote_active":false,"_monsterinsights_sitenote_note":"","_monsterinsights_sitenote_category":0,"footnotes":""},"categories":[6],"tags":[1141,859,336,56,457],"class_list":["post-10993033","post","type-post","status-publish","format-standard","hentry","category-institucional","tag-adolescencia","tag-estudio","tag-genero","tag-investigacion","tag-juventud"],"_links":{"self":[{"href":"https:\/\/www.upo.es\/diario\/wp-json\/wp\/v2\/posts\/10993033","targetHints":{"allow":["GET"]}}],"collection":[{"href":"https:\/\/www.upo.es\/diario\/wp-json\/wp\/v2\/posts"}],"about":[{"href":"https:\/\/www.upo.es\/diario\/wp-json\/wp\/v2\/types\/post"}],"author":[{"embeddable":true,"href":"https:\/\/www.upo.es\/diario\/wp-json\/wp\/v2\/users\/6"}],"replies":[{"embeddable":true,"href":"https:\/\/www.upo.es\/diario\/wp-json\/wp\/v2\/comments?post=10993033"}],"version-history":[{"count":8,"href":"https:\/\/www.upo.es\/diario\/wp-json\/wp\/v2\/posts\/10993033\/revisions"}],"predecessor-version":[{"id":11001780,"href":"https:\/\/www.upo.es\/diario\/wp-json\/wp\/v2\/posts\/10993033\/revisions\/11001780"}],"wp:attachment":[{"href":"https:\/\/www.upo.es\/diario\/wp-json\/wp\/v2\/media?parent=10993033"}],"wp:term":[{"taxonomy":"category","embeddable":true,"href":"https:\/\/www.upo.es\/diario\/wp-json\/wp\/v2\/categories?post=10993033"},{"taxonomy":"post_tag","embeddable":true,"href":"https:\/\/www.upo.es\/diario\/wp-json\/wp\/v2\/tags?post=10993033"}],"curies":[{"name":"wp","href":"https:\/\/api.w.org\/{rel}","templated":true}]}}