{"id":11002197,"date":"2015-11-06T07:00:46","date_gmt":"2015-11-06T07:00:46","guid":{"rendered":"https:\/\/www.upo.es\/diario\/?p=11002197"},"modified":"2015-11-09T13:01:03","modified_gmt":"2015-11-09T13:01:03","slug":"el-proximo-lunes-en-la-upo-encuentro-con-el-director-argentino-santiago-mitre-en-el-marco-del-seff","status":"publish","type":"post","link":"https:\/\/www.upo.es\/diario\/cultura\/2015\/11\/el-proximo-lunes-en-la-upo-encuentro-con-el-director-argentino-santiago-mitre-en-el-marco-del-seff\/","title":{"rendered":"El pr\u00f3ximo lunes en la UPO, encuentro con el director argentino Santiago Mitre en el marco del SEFF"},"content":{"rendered":"<figure id=\"attachment_11002198\" aria-describedby=\"caption-attachment-11002198\" style=\"width: 600px\" class=\"wp-caption aligncenter\"><img loading=\"lazy\" decoding=\"async\" class=\"size-large wp-image-11002198 \" alt=\"Santiago Mitre \u00a9 Lina Etchesuri\" src=\"https:\/\/www.upo.es\/diario\/wp-content\/uploads\/2015\/11\/SANTIAGO-MITRE-4-\u00a9-LINA-ETCHESURI.jpg-600x400.jpg\" width=\"600\" height=\"400\" srcset=\"https:\/\/www.upo.es\/diario\/wp-content\/uploads\/2015\/11\/SANTIAGO-MITRE-4-\u00a9-LINA-ETCHESURI.jpg-600x400.jpg 600w, https:\/\/www.upo.es\/diario\/wp-content\/uploads\/2015\/11\/SANTIAGO-MITRE-4-\u00a9-LINA-ETCHESURI.jpg-320x213.jpg 320w\" sizes=\"auto, (max-width: 600px) 100vw, 600px\" \/><figcaption id=\"caption-attachment-11002198\" class=\"wp-caption-text\">Santiago Mitre \u00a9 Lina Etchesuri<\/figcaption><\/figure>\n<p><span style=\"text-decoration: underline;\">El pr\u00f3ximo lunes 9 de noviembre, a las 12.40 horas en la sala de grados del edificio 7 de la Universidad Pablo de Olavide<\/span>, se celebrar\u00e1 un encuentro con el director de cine <b>Santiago Mitre<\/b>, galardonado con el II Premio Rosario Valpuesta otorgado por esta universidad en colaboraci\u00f3n con el <b>Festival de Cine Europeo de Sevilla<\/b> (SEFF).<\/p>\n<p>A las 10:30 horas se proyectar\u00e1 su pel\u00edcula \u201cEl estudiante\u201d, y tras la proyecci\u00f3n, el p\u00fablico tendr\u00e1 la oportunidad de charlar con este director argentino, quien ser\u00e1 presentado por Elodia Hern\u00e1ndez Le\u00f3n, vicerrectora de Cultura y Compromiso Social de la UPO. La entrada es libre hasta completar aforo.<\/p>\n<p>La obra de Santiago Mitre se acerca a los v\u00e9rtices m\u00e1s inc\u00f3modos de los temas que trata en sus pel\u00edculas, films de marcado car\u00e1cter social e universales desde su localismo. \u201cEl estudiante\u201d (2011) es un retrato sobre la universidad p\u00fablica, su funcionamiento y sobre la militancia dentro de la instituci\u00f3n. Obra a la que le sigue \u201cLos posibles\u201d (2013), codirigida con Juan Onofri Barbato, un trabajo que trata de acercar a j\u00f3venes en situaci\u00f3n de vulnerabilidad social al mundo del arte a trav\u00e9s de la danza. Su \u00faltimo film, \u201cPaulina\u201d, premiado en Cannes y San Sebasti\u00e1n, trata sobre el poder de los ideales humanos y la \u00e9tica a trav\u00e9s de la historia de una joven que lo abandona todo para ejercer de docente en una desfavorecida regi\u00f3n argentina. Santiago Mitre encabezar\u00e1 el jurado internacional que otorgar\u00e1 los premios de la Secci\u00f3n Oficial en esta duod\u00e9cima edici\u00f3n del SEFF. La visita de este director argentino a la UPO se enmarca en las actividades paralelas de este festival de cine.<\/p>\n<p>El <a href=\"http:\/\/festivalcinesevilla.eu\/es\/\">Festival de Cine Europeo de Sevilla<\/a> celebra su XII Edici\u00f3n del 6 al 14 de noviembre.<\/p>\n<p align=\"center\"><b>\u00a0<\/b><\/p>\n","protected":false},"excerpt":{"rendered":"<p>El pr\u00f3ximo lunes 9 de noviembre, a las 12.40 horas en la sala de grados del edificio 7 de la Universidad Pablo de Olavide, se celebrar\u00e1 un encuentro con el director de cine Santiago Mitre, galardonado con el II Premio Rosario Valpuesta otorgado por esta universidad en colaboraci\u00f3n con el Festival de Cine Europeo de Sevilla (SEFF).<\/p>\n","protected":false},"author":2,"featured_media":0,"comment_status":"closed","ping_status":"open","sticky":false,"template":"","format":"standard","meta":{"_monsterinsights_skip_tracking":false,"_monsterinsights_sitenote_active":false,"_monsterinsights_sitenote_note":"","_monsterinsights_sitenote_category":0,"footnotes":""},"categories":[7],"tags":[937,2718,21,1951,2015],"class_list":["post-11002197","post","type-post","status-publish","format-standard","hentry","category-cultura","tag-cine","tag-cineasta","tag-estudiantes","tag-festival-de-cine-europeo-de-sevilla","tag-premio-rosario-valpuesta"],"_links":{"self":[{"href":"https:\/\/www.upo.es\/diario\/wp-json\/wp\/v2\/posts\/11002197","targetHints":{"allow":["GET"]}}],"collection":[{"href":"https:\/\/www.upo.es\/diario\/wp-json\/wp\/v2\/posts"}],"about":[{"href":"https:\/\/www.upo.es\/diario\/wp-json\/wp\/v2\/types\/post"}],"author":[{"embeddable":true,"href":"https:\/\/www.upo.es\/diario\/wp-json\/wp\/v2\/users\/2"}],"replies":[{"embeddable":true,"href":"https:\/\/www.upo.es\/diario\/wp-json\/wp\/v2\/comments?post=11002197"}],"version-history":[{"count":10,"href":"https:\/\/www.upo.es\/diario\/wp-json\/wp\/v2\/posts\/11002197\/revisions"}],"predecessor-version":[{"id":11031632,"href":"https:\/\/www.upo.es\/diario\/wp-json\/wp\/v2\/posts\/11002197\/revisions\/11031632"}],"wp:attachment":[{"href":"https:\/\/www.upo.es\/diario\/wp-json\/wp\/v2\/media?parent=11002197"}],"wp:term":[{"taxonomy":"category","embeddable":true,"href":"https:\/\/www.upo.es\/diario\/wp-json\/wp\/v2\/categories?post=11002197"},{"taxonomy":"post_tag","embeddable":true,"href":"https:\/\/www.upo.es\/diario\/wp-json\/wp\/v2\/tags?post=11002197"}],"curies":[{"name":"wp","href":"https:\/\/api.w.org\/{rel}","templated":true}]}}